{"id":713,"date":"2011-04-28T14:02:31","date_gmt":"2011-04-28T12:02:31","guid":{"rendered":"http:\/\/www.inmoferrocarril.com\/blog\/?p=713"},"modified":"2011-04-28T14:02:31","modified_gmt":"2011-04-28T12:02:31","slug":"nueva-promocion-de-vivienda-libre-villa-de-marin-32","status":"publish","type":"post","link":"https:\/\/www.grupoferrocarril.com\/blog\/nueva-promocion-de-vivienda-libre-villa-de-marin-32\/","title":{"rendered":"Nueva Promoci\u00f3n de Vivienda Libre: Villa de Mar\u00edn 32"},"content":{"rendered":"<p><a href=\"https:\/\/www.grupoferrocarril.com\/blog\/wp-content\/uploads\/2011\/04\/villa-de-marin32.jpg\"><img loading=\"lazy\" decoding=\"async\" class=\"alignleft size-full wp-image-714\" title=\"villa de marin32\" src=\"https:\/\/www.grupoferrocarril.com\/blog\/wp-content\/uploads\/2011\/04\/villa-de-marin32.jpg\" alt=\"\" width=\"275\" height=\"183\" \/><\/a>Ubicada en Madrid Capital, esta nueva promoci\u00f3n ofrece pisos de 80 a 150 metros construidos, de 2 a 5 habitaciones, dos ba\u00f1os, un aseo, plaza de garaje. Se puede optar tambi\u00e9n por una segunda plaza de garaje.<\/p>\n","protected":false},"excerpt":{"rendered":"<p>Ubicada en Madrid Capital, esta nueva promoci\u00f3n ofrece pisos de [&hellip;]<\/p>\n","protected":false},"author":4,"featured_media":0,"comment_status":"closed","ping_status":"closed","sticky":false,"template":"","format":"standard","meta":{"ngg_post_thumbnail":0,"footnotes":""},"categories":[3],"tags":[],"class_list":["post-713","post","type-post","status-publish","format-standard","hentry","category-uncategorized"],"yoast_head":"<!-- This site is optimized with the Yoast SEO plugin v27.5 - https:\/\/yoast.com\/product\/yoast-seo-wordpress\/ -->\r\n<title>Nueva Promoci\u00f3n de Vivienda Libre: Villa de Mar\u00edn 32 - Grupo Inmobiliario Ferrocarril | Blog<\/title>\r\n<meta name=\"robots\" content=\"index, follow, max-snippet:-1, max-image-preview:large, max-video-preview:-1\" \/>\r\n<link rel=\"canonical\" href=\"https:\/\/www.grupoferrocarril.com\/blog\/nueva-promocion-de-vivienda-libre-villa-de-marin-32\/\" \/>\r\n<meta property=\"og:locale\" content=\"es_ES\" \/>\r\n<meta property=\"og:type\" content=\"article\" \/>\r\n<meta property=\"og:title\" content=\"Nueva Promoci\u00f3n de Vivienda Libre: Villa de Mar\u00edn 32 - Grupo Inmobiliario Ferrocarril | Blog\" \/>\r\n<meta property=\"og:description\" content=\"Ubicada en Madrid Capital, esta nueva promoci\u00f3n ofrece pisos de [&hellip;]\" \/>\r\n<meta property=\"og:url\" content=\"https:\/\/www.grupoferrocarril.com\/blog\/nueva-promocion-de-vivienda-libre-villa-de-marin-32\/\" \/>\r\n<meta property=\"og:site_name\" content=\"Grupo Inmobiliario Ferrocarril | Blog\" \/>\r\n<meta property=\"article:published_time\" content=\"2011-04-28T12:02:31+00:00\" \/>\r\n<meta property=\"og:image\" content=\"https:\/\/www.grupoferrocarril.com\/blog\/wp-content\/uploads\/2011\/04\/villa-de-marin32.jpg\" \/>\r\n<meta name=\"author\" content=\"Grupo Ferrocarril\" \/>\r\n<meta name=\"twitter:card\" content=\"summary_large_image\" \/>\r\n<meta name=\"twitter:label1\" content=\"Escrito por\" \/>\n\t<meta name=\"twitter:data1\" content=\"Grupo Ferrocarril\" \/>\r\n<script type=\"application\/ld+json\" class=\"yoast-schema-graph\">{\"@context\":\"https:\\\/\\\/schema.org\",\"@graph\":[{\"@type\":\"Article\",\"@id\":\"https:\\\/\\\/www.grupoferrocarril.com\\\/blog\\\/nueva-promocion-de-vivienda-libre-villa-de-marin-32\\\/#article\",\"isPartOf\":{\"@id\":\"https:\\\/\\\/www.grupoferrocarril.com\\\/blog\\\/nueva-promocion-de-vivienda-libre-villa-de-marin-32\\\/\"},\"author\":{\"name\":\"Grupo Ferrocarril\",\"@id\":\"https:\\\/\\\/www.grupoferrocarril.com\\\/blog\\\/#\\\/schema\\\/person\\\/9c02fc15bd75bbe9322fea01d5b93497\"},\"headline\":\"Nueva Promoci\u00f3n de Vivienda Libre: Villa de Mar\u00edn 32\",\"datePublished\":\"2011-04-28T12:02:31+00:00\",\"mainEntityOfPage\":{\"@id\":\"https:\\\/\\\/www.grupoferrocarril.com\\\/blog\\\/nueva-promocion-de-vivienda-libre-villa-de-marin-32\\\/\"},\"wordCount\":46,\"image\":{\"@id\":\"https:\\\/\\\/www.grupoferrocarril.com\\\/blog\\\/nueva-promocion-de-vivienda-libre-villa-de-marin-32\\\/#primaryimage\"},\"thumbnailUrl\":\"https:\\\/\\\/www.grupoferrocarril.com\\\/blog\\\/wp-content\\\/uploads\\\/2011\\\/04\\\/villa-de-marin32.jpg\",\"articleSection\":[\"General\"],\"inLanguage\":\"es\"},{\"@type\":\"WebPage\",\"@id\":\"https:\\\/\\\/www.grupoferrocarril.com\\\/blog\\\/nueva-promocion-de-vivienda-libre-villa-de-marin-32\\\/\",\"url\":\"https:\\\/\\\/www.grupoferrocarril.com\\\/blog\\\/nueva-promocion-de-vivienda-libre-villa-de-marin-32\\\/\",\"name\":\"Nueva Promoci\u00f3n de Vivienda Libre: Villa de Mar\u00edn 32 - Grupo Inmobiliario Ferrocarril | Blog\",\"isPartOf\":{\"@id\":\"https:\\\/\\\/www.grupoferrocarril.com\\\/blog\\\/#website\"},\"primaryImageOfPage\":{\"@id\":\"https:\\\/\\\/www.grupoferrocarril.com\\\/blog\\\/nueva-promocion-de-vivienda-libre-villa-de-marin-32\\\/#primaryimage\"},\"image\":{\"@id\":\"https:\\\/\\\/www.grupoferrocarril.com\\\/blog\\\/nueva-promocion-de-vivienda-libre-villa-de-marin-32\\\/#primaryimage\"},\"thumbnailUrl\":\"https:\\\/\\\/www.grupoferrocarril.com\\\/blog\\\/wp-content\\\/uploads\\\/2011\\\/04\\\/villa-de-marin32.jpg\",\"datePublished\":\"2011-04-28T12:02:31+00:00\",\"author\":{\"@id\":\"https:\\\/\\\/www.grupoferrocarril.com\\\/blog\\\/#\\\/schema\\\/person\\\/9c02fc15bd75bbe9322fea01d5b93497\"},\"breadcrumb\":{\"@id\":\"https:\\\/\\\/www.grupoferrocarril.com\\\/blog\\\/nueva-promocion-de-vivienda-libre-villa-de-marin-32\\\/#breadcrumb\"},\"inLanguage\":\"es\",\"potentialAction\":[{\"@type\":\"ReadAction\",\"target\":[\"https:\\\/\\\/www.grupoferrocarril.com\\\/blog\\\/nueva-promocion-de-vivienda-libre-villa-de-marin-32\\\/\"]}]},{\"@type\":\"ImageObject\",\"inLanguage\":\"es\",\"@id\":\"https:\\\/\\\/www.grupoferrocarril.com\\\/blog\\\/nueva-promocion-de-vivienda-libre-villa-de-marin-32\\\/#primaryimage\",\"url\":\"https:\\\/\\\/www.grupoferrocarril.com\\\/blog\\\/wp-content\\\/uploads\\\/2011\\\/04\\\/villa-de-marin32.jpg\",\"contentUrl\":\"https:\\\/\\\/www.grupoferrocarril.com\\\/blog\\\/wp-content\\\/uploads\\\/2011\\\/04\\\/villa-de-marin32.jpg\"},{\"@type\":\"BreadcrumbList\",\"@id\":\"https:\\\/\\\/www.grupoferrocarril.com\\\/blog\\\/nueva-promocion-de-vivienda-libre-villa-de-marin-32\\\/#breadcrumb\",\"itemListElement\":[{\"@type\":\"ListItem\",\"position\":1,\"name\":\"Portada\",\"item\":\"https:\\\/\\\/www.grupoferrocarril.com\\\/blog\\\/\"},{\"@type\":\"ListItem\",\"position\":2,\"name\":\"Nueva Promoci\u00f3n de Vivienda Libre: Villa de Mar\u00edn 32\"}]},{\"@type\":\"WebSite\",\"@id\":\"https:\\\/\\\/www.grupoferrocarril.com\\\/blog\\\/#website\",\"url\":\"https:\\\/\\\/www.grupoferrocarril.com\\\/blog\\\/\",\"name\":\"Grupo Inmobiliario Ferrocarril | Blog\",\"description\":\"Venta de pisos y casas de obra nueva\",\"potentialAction\":[{\"@type\":\"SearchAction\",\"target\":{\"@type\":\"EntryPoint\",\"urlTemplate\":\"https:\\\/\\\/www.grupoferrocarril.com\\\/blog\\\/?s={search_term_string}\"},\"query-input\":{\"@type\":\"PropertyValueSpecification\",\"valueRequired\":true,\"valueName\":\"search_term_string\"}}],\"inLanguage\":\"es\"},{\"@type\":\"Person\",\"@id\":\"https:\\\/\\\/www.grupoferrocarril.com\\\/blog\\\/#\\\/schema\\\/person\\\/9c02fc15bd75bbe9322fea01d5b93497\",\"name\":\"Grupo Ferrocarril\",\"image\":{\"@type\":\"ImageObject\",\"inLanguage\":\"es\",\"@id\":\"https:\\\/\\\/www.grupoferrocarril.com\\\/blog\\\/wp-content\\\/uploads\\\/2019\\\/05\\\/avatar-150x150.jpg\",\"url\":\"https:\\\/\\\/www.grupoferrocarril.com\\\/blog\\\/wp-content\\\/uploads\\\/2019\\\/05\\\/avatar-150x150.jpg\",\"contentUrl\":\"https:\\\/\\\/www.grupoferrocarril.com\\\/blog\\\/wp-content\\\/uploads\\\/2019\\\/05\\\/avatar-150x150.jpg\",\"caption\":\"Grupo Ferrocarril\"},\"url\":\"https:\\\/\\\/www.grupoferrocarril.com\\\/blog\\\/author\\\/ferrocarril\\\/\"}]}<\/script>\r\n<!-- \/ Yoast SEO plugin. -->","yoast_head_json":{"title":"Nueva Promoci\u00f3n de Vivienda Libre: Villa de Mar\u00edn 32 - Grupo Inmobiliario Ferrocarril | Blog","robots":{"index":"index","follow":"follow","max-snippet":"max-snippet:-1","max-image-preview":"max-image-preview:large","max-video-preview":"max-video-preview:-1"},"canonical":"https:\/\/www.grupoferrocarril.com\/blog\/nueva-promocion-de-vivienda-libre-villa-de-marin-32\/","og_locale":"es_ES","og_type":"article","og_title":"Nueva Promoci\u00f3n de Vivienda Libre: Villa de Mar\u00edn 32 - Grupo Inmobiliario Ferrocarril | Blog","og_description":"Ubicada en Madrid Capital, esta nueva promoci\u00f3n ofrece pisos de [&hellip;]","og_url":"https:\/\/www.grupoferrocarril.com\/blog\/nueva-promocion-de-vivienda-libre-villa-de-marin-32\/","og_site_name":"Grupo Inmobiliario Ferrocarril | Blog","article_published_time":"2011-04-28T12:02:31+00:00","og_image":[{"url":"https:\/\/www.grupoferrocarril.com\/blog\/wp-content\/uploads\/2011\/04\/villa-de-marin32.jpg","type":"","width":"","height":""}],"author":"Grupo Ferrocarril","twitter_card":"summary_large_image","twitter_misc":{"Escrito por":"Grupo Ferrocarril"},"schema":{"@context":"https:\/\/schema.org","@graph":[{"@type":"Article","@id":"https:\/\/www.grupoferrocarril.com\/blog\/nueva-promocion-de-vivienda-libre-villa-de-marin-32\/#article","isPartOf":{"@id":"https:\/\/www.grupoferrocarril.com\/blog\/nueva-promocion-de-vivienda-libre-villa-de-marin-32\/"},"author":{"name":"Grupo Ferrocarril","@id":"https:\/\/www.grupoferrocarril.com\/blog\/#\/schema\/person\/9c02fc15bd75bbe9322fea01d5b93497"},"headline":"Nueva Promoci\u00f3n de Vivienda Libre: Villa de Mar\u00edn 32","datePublished":"2011-04-28T12:02:31+00:00","mainEntityOfPage":{"@id":"https:\/\/www.grupoferrocarril.com\/blog\/nueva-promocion-de-vivienda-libre-villa-de-marin-32\/"},"wordCount":46,"image":{"@id":"https:\/\/www.grupoferrocarril.com\/blog\/nueva-promocion-de-vivienda-libre-villa-de-marin-32\/#primaryimage"},"thumbnailUrl":"https:\/\/www.grupoferrocarril.com\/blog\/wp-content\/uploads\/2011\/04\/villa-de-marin32.jpg","articleSection":["General"],"inLanguage":"es"},{"@type":"WebPage","@id":"https:\/\/www.grupoferrocarril.com\/blog\/nueva-promocion-de-vivienda-libre-villa-de-marin-32\/","url":"https:\/\/www.grupoferrocarril.com\/blog\/nueva-promocion-de-vivienda-libre-villa-de-marin-32\/","name":"Nueva Promoci\u00f3n de Vivienda Libre: Villa de Mar\u00edn 32 - Grupo Inmobiliario Ferrocarril | Blog","isPartOf":{"@id":"https:\/\/www.grupoferrocarril.com\/blog\/#website"},"primaryImageOfPage":{"@id":"https:\/\/www.grupoferrocarril.com\/blog\/nueva-promocion-de-vivienda-libre-villa-de-marin-32\/#primaryimage"},"image":{"@id":"https:\/\/www.grupoferrocarril.com\/blog\/nueva-promocion-de-vivienda-libre-villa-de-marin-32\/#primaryimage"},"thumbnailUrl":"https:\/\/www.grupoferrocarril.com\/blog\/wp-content\/uploads\/2011\/04\/villa-de-marin32.jpg","datePublished":"2011-04-28T12:02:31+00:00","author":{"@id":"https:\/\/www.grupoferrocarril.com\/blog\/#\/schema\/person\/9c02fc15bd75bbe9322fea01d5b93497"},"breadcrumb":{"@id":"https:\/\/www.grupoferrocarril.com\/blog\/nueva-promocion-de-vivienda-libre-villa-de-marin-32\/#breadcrumb"},"inLanguage":"es","potentialAction":[{"@type":"ReadAction","target":["https:\/\/www.grupoferrocarril.com\/blog\/nueva-promocion-de-vivienda-libre-villa-de-marin-32\/"]}]},{"@type":"ImageObject","inLanguage":"es","@id":"https:\/\/www.grupoferrocarril.com\/blog\/nueva-promocion-de-vivienda-libre-villa-de-marin-32\/#primaryimage","url":"https:\/\/www.grupoferrocarril.com\/blog\/wp-content\/uploads\/2011\/04\/villa-de-marin32.jpg","contentUrl":"https:\/\/www.grupoferrocarril.com\/blog\/wp-content\/uploads\/2011\/04\/villa-de-marin32.jpg"},{"@type":"BreadcrumbList","@id":"https:\/\/www.grupoferrocarril.com\/blog\/nueva-promocion-de-vivienda-libre-villa-de-marin-32\/#breadcrumb","itemListElement":[{"@type":"ListItem","position":1,"name":"Portada","item":"https:\/\/www.grupoferrocarril.com\/blog\/"},{"@type":"ListItem","position":2,"name":"Nueva Promoci\u00f3n de Vivienda Libre: Villa de Mar\u00edn 32"}]},{"@type":"WebSite","@id":"https:\/\/www.grupoferrocarril.com\/blog\/#website","url":"https:\/\/www.grupoferrocarril.com\/blog\/","name":"Grupo Inmobiliario Ferrocarril | Blog","description":"Venta de pisos y casas de obra nueva","potentialAction":[{"@type":"SearchAction","target":{"@type":"EntryPoint","urlTemplate":"https:\/\/www.grupoferrocarril.com\/blog\/?s={search_term_string}"},"query-input":{"@type":"PropertyValueSpecification","valueRequired":true,"valueName":"search_term_string"}}],"inLanguage":"es"},{"@type":"Person","@id":"https:\/\/www.grupoferrocarril.com\/blog\/#\/schema\/person\/9c02fc15bd75bbe9322fea01d5b93497","name":"Grupo Ferrocarril","image":{"@type":"ImageObject","inLanguage":"es","@id":"https:\/\/www.grupoferrocarril.com\/blog\/wp-content\/uploads\/2019\/05\/avatar-150x150.jpg","url":"https:\/\/www.grupoferrocarril.com\/blog\/wp-content\/uploads\/2019\/05\/avatar-150x150.jpg","contentUrl":"https:\/\/www.grupoferrocarril.com\/blog\/wp-content\/uploads\/2019\/05\/avatar-150x150.jpg","caption":"Grupo Ferrocarril"},"url":"https:\/\/www.grupoferrocarril.com\/blog\/author\/ferrocarril\/"}]}},"_links":{"self":[{"href":"https:\/\/www.grupoferrocarril.com\/blog\/wp-json\/wp\/v2\/posts\/713","targetHints":{"allow":["GET"]}}],"collection":[{"href":"https:\/\/www.grupoferrocarril.com\/blog\/wp-json\/wp\/v2\/posts"}],"about":[{"href":"https:\/\/www.grupoferrocarril.com\/blog\/wp-json\/wp\/v2\/types\/post"}],"author":[{"embeddable":true,"href":"https:\/\/www.grupoferrocarril.com\/blog\/wp-json\/wp\/v2\/users\/4"}],"replies":[{"embeddable":true,"href":"https:\/\/www.grupoferrocarril.com\/blog\/wp-json\/wp\/v2\/comments?post=713"}],"version-history":[{"count":0,"href":"https:\/\/www.grupoferrocarril.com\/blog\/wp-json\/wp\/v2\/posts\/713\/revisions"}],"wp:attachment":[{"href":"https:\/\/www.grupoferrocarril.com\/blog\/wp-json\/wp\/v2\/media?parent=713"}],"wp:term":[{"taxonomy":"category","embeddable":true,"href":"https:\/\/www.grupoferrocarril.com\/blog\/wp-json\/wp\/v2\/categories?post=713"},{"taxonomy":"post_tag","embeddable":true,"href":"https:\/\/www.grupoferrocarril.com\/blog\/wp-json\/wp\/v2\/tags?post=713"}],"curies":[{"name":"wp","href":"https:\/\/api.w.org\/{rel}","templated":true}]}}