{"id":71,"date":"2010-02-18T12:38:59","date_gmt":"2010-02-18T10:38:59","guid":{"rendered":"https:\/\/www.grupoferrocarril.com\/blog\/?p=71"},"modified":"2019-03-25T19:09:27","modified_gmt":"2019-03-25T18:09:27","slug":"el-momento-de-la-vpo","status":"publish","type":"post","link":"https:\/\/www.grupoferrocarril.com\/blog\/el-momento-de-la-vpo\/","title":{"rendered":"Es el momento de la VPO"},"content":{"rendered":"<p style=\"text-align: justify;\">La ministra de Vivienda, Beatriz Corredor, asegur\u00f3 este viernes que \u00abes el momento de la vivienda protegida\u00bb, y record\u00f3 que el alquiler y la rehabilitaci\u00f3n completan los tres ejes en materia de vivienda dentro de la estrategia de econom\u00eda sostenible del Gobierno.<br \/>\nCorredor record\u00f3 durante la inauguraci\u00f3n de I Sal\u00f3n de vivienda social, asequible y sostenible de Madrid que las <a title=\"vivienda protegida madrid\" href=\"http:\/\/www.inmoferrocarril.com\">viviendas protegidas <\/a>representaron el 50% de todas las iniciadas en Espa\u00f1a en el tercer trimestre de 2009.<br \/>\n\u00abTambi\u00e9n podr\u00e1n desgravarse los que rehabiliten, porque vamos a ampliar el concepto de rehabilitaci\u00f3n a efectos fiscales para mejorar el tratamiento de las obras que incrementen la eficiencia energ\u00e9tica y la accesibilidad de los hogares\u00bb, a\u00f1adi\u00f3.<br \/>\nAsimismo, afirm\u00f3 que, \u00aba trav\u00e9s de la Ley de Econom\u00eda Sostenible, el Gobierno va a acabar con la desventaja hist\u00f3rica que sufr\u00edan las familias que optaban por el alquiler, de forma que los inquilinos tendr\u00e1n exactamente la misma deducci\u00f3n fiscal que quien opte por comprar\u00bb.<\/p>\n","protected":false},"excerpt":{"rendered":"<p>La ministra de Vivienda, Beatriz Corredor, asegur\u00f3 este viernes que [&hellip;]<\/p>\n","protected":false},"author":4,"featured_media":3971,"comment_status":"closed","ping_status":"closed","sticky":false,"template":"","format":"standard","meta":{"ngg_post_thumbnail":0,"footnotes":""},"categories":[184],"tags":[7,8,5,6],"class_list":["post-71","post","type-post","status-publish","format-standard","has-post-thumbnail","hentry","category-vpo","tag-pisos-de-proteccion-oficial","tag-vivienda-protegida","tag-vpo","tag-vpo-madrid"],"yoast_head":"<!-- This site is optimized with the Yoast SEO plugin v27.5 - https:\/\/yoast.com\/product\/yoast-seo-wordpress\/ -->\r\n<title>Es el momento de la VPO - Grupo Inmobiliario Ferrocarril | Blog<\/title>\r\n<meta name=\"description\" content=\"La ministra de Vivienda, Beatriz Corredor, asegur\u00f3 este viernes que &quot;es el momento de la vivienda protegida&quot; o vpo. Echa un ojo a esta noticia.\" \/>\r\n<meta name=\"robots\" content=\"index, follow, max-snippet:-1, max-image-preview:large, max-video-preview:-1\" \/>\r\n<link rel=\"canonical\" href=\"https:\/\/www.grupoferrocarril.com\/blog\/el-momento-de-la-vpo\/\" \/>\r\n<meta property=\"og:locale\" content=\"es_ES\" \/>\r\n<meta property=\"og:type\" content=\"article\" \/>\r\n<meta property=\"og:title\" content=\"Es el momento de la VPO - Grupo Inmobiliario Ferrocarril | Blog\" \/>\r\n<meta property=\"og:description\" content=\"La ministra de Vivienda, Beatriz Corredor, asegur\u00f3 este viernes que &quot;es el momento de la vivienda protegida&quot; o vpo. Echa un ojo a esta noticia.\" \/>\r\n<meta property=\"og:url\" content=\"https:\/\/www.grupoferrocarril.com\/blog\/el-momento-de-la-vpo\/\" \/>\r\n<meta property=\"og:site_name\" content=\"Grupo Inmobiliario Ferrocarril | Blog\" \/>\r\n<meta property=\"article:published_time\" content=\"2010-02-18T10:38:59+00:00\" \/>\r\n<meta property=\"article:modified_time\" content=\"2019-03-25T18:09:27+00:00\" \/>\r\n<meta property=\"og:image\" content=\"https:\/\/www.grupoferrocarril.com\/blog\/wp-content\/uploads\/2010\/02\/venta-pisos-obra-nueva-madrid-sevilla-alicante-17.jpg\" \/>\r\n\t<meta property=\"og:image:width\" content=\"360\" \/>\r\n\t<meta property=\"og:image:height\" content=\"360\" \/>\r\n\t<meta property=\"og:image:type\" content=\"image\/jpeg\" \/>\r\n<meta name=\"author\" content=\"Grupo Ferrocarril\" \/>\r\n<meta name=\"twitter:card\" content=\"summary_large_image\" \/>\r\n<meta name=\"twitter:label1\" content=\"Escrito por\" \/>\n\t<meta name=\"twitter:data1\" content=\"Grupo Ferrocarril\" \/>\n\t<meta name=\"twitter:label2\" content=\"Tiempo de lectura\" \/>\n\t<meta name=\"twitter:data2\" content=\"1 minuto\" \/>\r\n<script type=\"application\/ld+json\" class=\"yoast-schema-graph\">{\"@context\":\"https:\\\/\\\/schema.org\",\"@graph\":[{\"@type\":\"Article\",\"@id\":\"https:\\\/\\\/www.grupoferrocarril.com\\\/blog\\\/el-momento-de-la-vpo\\\/#article\",\"isPartOf\":{\"@id\":\"https:\\\/\\\/www.grupoferrocarril.com\\\/blog\\\/el-momento-de-la-vpo\\\/\"},\"author\":{\"name\":\"Grupo Ferrocarril\",\"@id\":\"https:\\\/\\\/www.grupoferrocarril.com\\\/blog\\\/#\\\/schema\\\/person\\\/9c02fc15bd75bbe9322fea01d5b93497\"},\"headline\":\"Es el momento de la VPO\",\"datePublished\":\"2010-02-18T10:38:59+00:00\",\"dateModified\":\"2019-03-25T18:09:27+00:00\",\"mainEntityOfPage\":{\"@id\":\"https:\\\/\\\/www.grupoferrocarril.com\\\/blog\\\/el-momento-de-la-vpo\\\/\"},\"wordCount\":178,\"image\":{\"@id\":\"https:\\\/\\\/www.grupoferrocarril.com\\\/blog\\\/el-momento-de-la-vpo\\\/#primaryimage\"},\"thumbnailUrl\":\"https:\\\/\\\/www.grupoferrocarril.com\\\/blog\\\/wp-content\\\/uploads\\\/2010\\\/02\\\/venta-pisos-obra-nueva-madrid-sevilla-alicante-17.jpg\",\"keywords\":[\"pisos de protecci\u00f3n oficial\",\"vivienda protegida\",\"vpo\",\"vpo madrid\"],\"articleSection\":[\"VPO\"],\"inLanguage\":\"es\"},{\"@type\":\"WebPage\",\"@id\":\"https:\\\/\\\/www.grupoferrocarril.com\\\/blog\\\/el-momento-de-la-vpo\\\/\",\"url\":\"https:\\\/\\\/www.grupoferrocarril.com\\\/blog\\\/el-momento-de-la-vpo\\\/\",\"name\":\"Es el momento de la VPO - Grupo Inmobiliario Ferrocarril | Blog\",\"isPartOf\":{\"@id\":\"https:\\\/\\\/www.grupoferrocarril.com\\\/blog\\\/#website\"},\"primaryImageOfPage\":{\"@id\":\"https:\\\/\\\/www.grupoferrocarril.com\\\/blog\\\/el-momento-de-la-vpo\\\/#primaryimage\"},\"image\":{\"@id\":\"https:\\\/\\\/www.grupoferrocarril.com\\\/blog\\\/el-momento-de-la-vpo\\\/#primaryimage\"},\"thumbnailUrl\":\"https:\\\/\\\/www.grupoferrocarril.com\\\/blog\\\/wp-content\\\/uploads\\\/2010\\\/02\\\/venta-pisos-obra-nueva-madrid-sevilla-alicante-17.jpg\",\"datePublished\":\"2010-02-18T10:38:59+00:00\",\"dateModified\":\"2019-03-25T18:09:27+00:00\",\"author\":{\"@id\":\"https:\\\/\\\/www.grupoferrocarril.com\\\/blog\\\/#\\\/schema\\\/person\\\/9c02fc15bd75bbe9322fea01d5b93497\"},\"description\":\"La ministra de Vivienda, Beatriz Corredor, asegur\u00f3 este viernes que \\\"es el momento de la vivienda protegida\\\" o vpo. Echa un ojo a esta noticia.\",\"breadcrumb\":{\"@id\":\"https:\\\/\\\/www.grupoferrocarril.com\\\/blog\\\/el-momento-de-la-vpo\\\/#breadcrumb\"},\"inLanguage\":\"es\",\"potentialAction\":[{\"@type\":\"ReadAction\",\"target\":[\"https:\\\/\\\/www.grupoferrocarril.com\\\/blog\\\/el-momento-de-la-vpo\\\/\"]}]},{\"@type\":\"ImageObject\",\"inLanguage\":\"es\",\"@id\":\"https:\\\/\\\/www.grupoferrocarril.com\\\/blog\\\/el-momento-de-la-vpo\\\/#primaryimage\",\"url\":\"https:\\\/\\\/www.grupoferrocarril.com\\\/blog\\\/wp-content\\\/uploads\\\/2010\\\/02\\\/venta-pisos-obra-nueva-madrid-sevilla-alicante-17.jpg\",\"contentUrl\":\"https:\\\/\\\/www.grupoferrocarril.com\\\/blog\\\/wp-content\\\/uploads\\\/2010\\\/02\\\/venta-pisos-obra-nueva-madrid-sevilla-alicante-17.jpg\",\"width\":360,\"height\":360,\"caption\":\"Venta de pisos de obra nueva en Madrid, Alicante y Sevilla\"},{\"@type\":\"BreadcrumbList\",\"@id\":\"https:\\\/\\\/www.grupoferrocarril.com\\\/blog\\\/el-momento-de-la-vpo\\\/#breadcrumb\",\"itemListElement\":[{\"@type\":\"ListItem\",\"position\":1,\"name\":\"Portada\",\"item\":\"https:\\\/\\\/www.grupoferrocarril.com\\\/blog\\\/\"},{\"@type\":\"ListItem\",\"position\":2,\"name\":\"Es el momento de la VPO\"}]},{\"@type\":\"WebSite\",\"@id\":\"https:\\\/\\\/www.grupoferrocarril.com\\\/blog\\\/#website\",\"url\":\"https:\\\/\\\/www.grupoferrocarril.com\\\/blog\\\/\",\"name\":\"Grupo Inmobiliario Ferrocarril | Blog\",\"description\":\"Venta de pisos y casas de obra nueva\",\"potentialAction\":[{\"@type\":\"SearchAction\",\"target\":{\"@type\":\"EntryPoint\",\"urlTemplate\":\"https:\\\/\\\/www.grupoferrocarril.com\\\/blog\\\/?s={search_term_string}\"},\"query-input\":{\"@type\":\"PropertyValueSpecification\",\"valueRequired\":true,\"valueName\":\"search_term_string\"}}],\"inLanguage\":\"es\"},{\"@type\":\"Person\",\"@id\":\"https:\\\/\\\/www.grupoferrocarril.com\\\/blog\\\/#\\\/schema\\\/person\\\/9c02fc15bd75bbe9322fea01d5b93497\",\"name\":\"Grupo Ferrocarril\",\"image\":{\"@type\":\"ImageObject\",\"inLanguage\":\"es\",\"@id\":\"https:\\\/\\\/www.grupoferrocarril.com\\\/blog\\\/wp-content\\\/uploads\\\/2019\\\/05\\\/avatar-150x150.jpg\",\"url\":\"https:\\\/\\\/www.grupoferrocarril.com\\\/blog\\\/wp-content\\\/uploads\\\/2019\\\/05\\\/avatar-150x150.jpg\",\"contentUrl\":\"https:\\\/\\\/www.grupoferrocarril.com\\\/blog\\\/wp-content\\\/uploads\\\/2019\\\/05\\\/avatar-150x150.jpg\",\"caption\":\"Grupo Ferrocarril\"},\"url\":\"https:\\\/\\\/www.grupoferrocarril.com\\\/blog\\\/author\\\/ferrocarril\\\/\"}]}<\/script>\r\n<!-- \/ Yoast SEO plugin. -->","yoast_head_json":{"title":"Es el momento de la VPO - Grupo Inmobiliario Ferrocarril | Blog","description":"La ministra de Vivienda, Beatriz Corredor, asegur\u00f3 este viernes que \"es el momento de la vivienda protegida\" o vpo. Echa un ojo a esta noticia.","robots":{"index":"index","follow":"follow","max-snippet":"max-snippet:-1","max-image-preview":"max-image-preview:large","max-video-preview":"max-video-preview:-1"},"canonical":"https:\/\/www.grupoferrocarril.com\/blog\/el-momento-de-la-vpo\/","og_locale":"es_ES","og_type":"article","og_title":"Es el momento de la VPO - Grupo Inmobiliario Ferrocarril | Blog","og_description":"La ministra de Vivienda, Beatriz Corredor, asegur\u00f3 este viernes que \"es el momento de la vivienda protegida\" o vpo. Echa un ojo a esta noticia.","og_url":"https:\/\/www.grupoferrocarril.com\/blog\/el-momento-de-la-vpo\/","og_site_name":"Grupo Inmobiliario Ferrocarril | Blog","article_published_time":"2010-02-18T10:38:59+00:00","article_modified_time":"2019-03-25T18:09:27+00:00","og_image":[{"width":360,"height":360,"url":"https:\/\/www.grupoferrocarril.com\/blog\/wp-content\/uploads\/2010\/02\/venta-pisos-obra-nueva-madrid-sevilla-alicante-17.jpg","type":"image\/jpeg"}],"author":"Grupo Ferrocarril","twitter_card":"summary_large_image","twitter_misc":{"Escrito por":"Grupo Ferrocarril","Tiempo de lectura":"1 minuto"},"schema":{"@context":"https:\/\/schema.org","@graph":[{"@type":"Article","@id":"https:\/\/www.grupoferrocarril.com\/blog\/el-momento-de-la-vpo\/#article","isPartOf":{"@id":"https:\/\/www.grupoferrocarril.com\/blog\/el-momento-de-la-vpo\/"},"author":{"name":"Grupo Ferrocarril","@id":"https:\/\/www.grupoferrocarril.com\/blog\/#\/schema\/person\/9c02fc15bd75bbe9322fea01d5b93497"},"headline":"Es el momento de la VPO","datePublished":"2010-02-18T10:38:59+00:00","dateModified":"2019-03-25T18:09:27+00:00","mainEntityOfPage":{"@id":"https:\/\/www.grupoferrocarril.com\/blog\/el-momento-de-la-vpo\/"},"wordCount":178,"image":{"@id":"https:\/\/www.grupoferrocarril.com\/blog\/el-momento-de-la-vpo\/#primaryimage"},"thumbnailUrl":"https:\/\/www.grupoferrocarril.com\/blog\/wp-content\/uploads\/2010\/02\/venta-pisos-obra-nueva-madrid-sevilla-alicante-17.jpg","keywords":["pisos de protecci\u00f3n oficial","vivienda protegida","vpo","vpo madrid"],"articleSection":["VPO"],"inLanguage":"es"},{"@type":"WebPage","@id":"https:\/\/www.grupoferrocarril.com\/blog\/el-momento-de-la-vpo\/","url":"https:\/\/www.grupoferrocarril.com\/blog\/el-momento-de-la-vpo\/","name":"Es el momento de la VPO - Grupo Inmobiliario Ferrocarril | Blog","isPartOf":{"@id":"https:\/\/www.grupoferrocarril.com\/blog\/#website"},"primaryImageOfPage":{"@id":"https:\/\/www.grupoferrocarril.com\/blog\/el-momento-de-la-vpo\/#primaryimage"},"image":{"@id":"https:\/\/www.grupoferrocarril.com\/blog\/el-momento-de-la-vpo\/#primaryimage"},"thumbnailUrl":"https:\/\/www.grupoferrocarril.com\/blog\/wp-content\/uploads\/2010\/02\/venta-pisos-obra-nueva-madrid-sevilla-alicante-17.jpg","datePublished":"2010-02-18T10:38:59+00:00","dateModified":"2019-03-25T18:09:27+00:00","author":{"@id":"https:\/\/www.grupoferrocarril.com\/blog\/#\/schema\/person\/9c02fc15bd75bbe9322fea01d5b93497"},"description":"La ministra de Vivienda, Beatriz Corredor, asegur\u00f3 este viernes que \"es el momento de la vivienda protegida\" o vpo. Echa un ojo a esta noticia.","breadcrumb":{"@id":"https:\/\/www.grupoferrocarril.com\/blog\/el-momento-de-la-vpo\/#breadcrumb"},"inLanguage":"es","potentialAction":[{"@type":"ReadAction","target":["https:\/\/www.grupoferrocarril.com\/blog\/el-momento-de-la-vpo\/"]}]},{"@type":"ImageObject","inLanguage":"es","@id":"https:\/\/www.grupoferrocarril.com\/blog\/el-momento-de-la-vpo\/#primaryimage","url":"https:\/\/www.grupoferrocarril.com\/blog\/wp-content\/uploads\/2010\/02\/venta-pisos-obra-nueva-madrid-sevilla-alicante-17.jpg","contentUrl":"https:\/\/www.grupoferrocarril.com\/blog\/wp-content\/uploads\/2010\/02\/venta-pisos-obra-nueva-madrid-sevilla-alicante-17.jpg","width":360,"height":360,"caption":"Venta de pisos de obra nueva en Madrid, Alicante y Sevilla"},{"@type":"BreadcrumbList","@id":"https:\/\/www.grupoferrocarril.com\/blog\/el-momento-de-la-vpo\/#breadcrumb","itemListElement":[{"@type":"ListItem","position":1,"name":"Portada","item":"https:\/\/www.grupoferrocarril.com\/blog\/"},{"@type":"ListItem","position":2,"name":"Es el momento de la VPO"}]},{"@type":"WebSite","@id":"https:\/\/www.grupoferrocarril.com\/blog\/#website","url":"https:\/\/www.grupoferrocarril.com\/blog\/","name":"Grupo Inmobiliario Ferrocarril | Blog","description":"Venta de pisos y casas de obra nueva","potentialAction":[{"@type":"SearchAction","target":{"@type":"EntryPoint","urlTemplate":"https:\/\/www.grupoferrocarril.com\/blog\/?s={search_term_string}"},"query-input":{"@type":"PropertyValueSpecification","valueRequired":true,"valueName":"search_term_string"}}],"inLanguage":"es"},{"@type":"Person","@id":"https:\/\/www.grupoferrocarril.com\/blog\/#\/schema\/person\/9c02fc15bd75bbe9322fea01d5b93497","name":"Grupo Ferrocarril","image":{"@type":"ImageObject","inLanguage":"es","@id":"https:\/\/www.grupoferrocarril.com\/blog\/wp-content\/uploads\/2019\/05\/avatar-150x150.jpg","url":"https:\/\/www.grupoferrocarril.com\/blog\/wp-content\/uploads\/2019\/05\/avatar-150x150.jpg","contentUrl":"https:\/\/www.grupoferrocarril.com\/blog\/wp-content\/uploads\/2019\/05\/avatar-150x150.jpg","caption":"Grupo Ferrocarril"},"url":"https:\/\/www.grupoferrocarril.com\/blog\/author\/ferrocarril\/"}]}},"_links":{"self":[{"href":"https:\/\/www.grupoferrocarril.com\/blog\/wp-json\/wp\/v2\/posts\/71","targetHints":{"allow":["GET"]}}],"collection":[{"href":"https:\/\/www.grupoferrocarril.com\/blog\/wp-json\/wp\/v2\/posts"}],"about":[{"href":"https:\/\/www.grupoferrocarril.com\/blog\/wp-json\/wp\/v2\/types\/post"}],"author":[{"embeddable":true,"href":"https:\/\/www.grupoferrocarril.com\/blog\/wp-json\/wp\/v2\/users\/4"}],"replies":[{"embeddable":true,"href":"https:\/\/www.grupoferrocarril.com\/blog\/wp-json\/wp\/v2\/comments?post=71"}],"version-history":[{"count":2,"href":"https:\/\/www.grupoferrocarril.com\/blog\/wp-json\/wp\/v2\/posts\/71\/revisions"}],"predecessor-version":[{"id":3972,"href":"https:\/\/www.grupoferrocarril.com\/blog\/wp-json\/wp\/v2\/posts\/71\/revisions\/3972"}],"wp:featuredmedia":[{"embeddable":true,"href":"https:\/\/www.grupoferrocarril.com\/blog\/wp-json\/wp\/v2\/media\/3971"}],"wp:attachment":[{"href":"https:\/\/www.grupoferrocarril.com\/blog\/wp-json\/wp\/v2\/media?parent=71"}],"wp:term":[{"taxonomy":"category","embeddable":true,"href":"https:\/\/www.grupoferrocarril.com\/blog\/wp-json\/wp\/v2\/categories?post=71"},{"taxonomy":"post_tag","embeddable":true,"href":"https:\/\/www.grupoferrocarril.com\/blog\/wp-json\/wp\/v2\/tags?post=71"}],"curies":[{"name":"wp","href":"https:\/\/api.w.org\/{rel}","templated":true}]}}