{"id":69,"date":"2010-02-10T16:47:10","date_gmt":"2010-02-10T14:47:10","guid":{"rendered":"https:\/\/www.grupoferrocarril.com\/blog\/2010\/02\/10\/registro-demandas-vivienda-protegida-permitira-construir-segun-necesidades\/"},"modified":"2019-03-25T19:00:26","modified_gmt":"2019-03-25T18:00:26","slug":"registro-demandas-vivienda-protegida-permitira-construir-segun-necesidades","status":"publish","type":"post","link":"https:\/\/www.grupoferrocarril.com\/blog\/registro-demandas-vivienda-protegida-permitira-construir-segun-necesidades\/","title":{"rendered":"Registro demandas vivienda protegida permitir\u00e1 construir seg\u00fan necesidades"},"content":{"rendered":"<div>\n<h3 style=\"text-align: justify;\">Rojas compareci\u00f3 a petici\u00f3n propia en el pleno del Parlamento para explicar este nuevo registro, en el que habr\u00e1n de inscribirse todas las personas o familias demandantes de vivienda protegida, de promoci\u00f3n p\u00fablica o privada.<\/h3>\n<p style=\"text-align: justify;\">La consejera enmarc\u00f3 esta iniciativa en la pol\u00edtica p\u00fablica de vivienda de Canarias, que en su opini\u00f3n es \u00abla m\u00e1s potente\u00bb del pa\u00eds.<\/p>\n<p style=\"text-align: justify;\">El registro, que contar\u00e1 con nueve oficinas distribuidas entre todas las islas, ofrecer\u00e1 una \u00abinformaci\u00f3n actualizada y real\u00bb de la demanda de vivienda protegida y de su tipolog\u00eda, as\u00ed como de las condiciones sociales de los demandantes.<\/p>\n<p style=\"text-align: justify;\">Tambi\u00e9n se agilizar\u00e1n los tr\u00e1mites de adjudicaci\u00f3n, dijo In\u00e9s Rojas, ya que hasta ahora las inscripciones se realizaban en los municipios y obligaban a los ayuntamientos a hacer listas de demandantes en funci\u00f3n de los baremos.<\/p>\n<p style=\"text-align: justify;\">De este modo, adem\u00e1s de liberar de carga de trabajo a los ayuntamientos, el registro de demandantes de vivienda permitir\u00e1 \u00abplanificar de forma m\u00e1s exacta\u00bb las promociones de vivienda en el futuro.<\/p>\n<p style=\"text-align: justify;\">Las empresas constructoras y promotoras tambi\u00e9n se ver\u00e1n beneficiadas, porque sabr\u00e1n d\u00f3nde se demandan viviendas, de qu\u00e9 tipo y qu\u00e9 caracter\u00edsticas tienen las familias solicitantes.<\/p>\n<p style=\"text-align: justify;\">El registro permitir\u00e1 que la inversi\u00f3n privada se canalice hacia la demanda real de la sociedad, dijo.<\/p>\n<p style=\"text-align: justify;\">La consejera dijo que la empresa adjudicataria de la gesti\u00f3n de este registro no tomar\u00e1 las decisiones sobre adjudicaciones, que seguir\u00e1n en manos de la administraci\u00f3n p\u00fablica.<\/p>\n<p style=\"text-align: justify;\">El presupuesto de gesti\u00f3n es de casi 4 millones de euros para un periodo de dos a\u00f1os, en el que se incluyen las nueve oficinas y el personal.<\/p>\n<p style=\"text-align: justify;\">La diputada del PSC-PSOE Eulalia Guerra de Paz consider\u00f3 muy importante que exista un registro para saber la realidad social en la demanda de viviendas de protecci\u00f3n y para determinar la tipolog\u00eda de construcci\u00f3n que se necesita.<\/p>\n<p style=\"text-align: justify;\">Guerra de Paz critic\u00f3 el exceso de propaganda sobre este nuevo registro, cuando la Consejer\u00eda a\u00fan no ha llevado a debate al Parlamento el nuevo plan de vivienda. EFE<\/p>\n<\/div>\n<p>&nbsp;<\/p>\n<p>\u00bfQuieres conocer los <a href=\"https:\/\/www.grupoferrocarril.com\/venta-pisos-obra-nueva\">pisos y chalets de obra nueva, vppl y vppb en Madrid, Alicante y Sevilla<\/a> que Grupo Inmobiliario Ferrocarril tiene para ti?<\/p>\n","protected":false},"excerpt":{"rendered":"<p>Rojas compareci\u00f3 a petici\u00f3n propia en el pleno del Parlamento [&hellip;]<\/p>\n","protected":false},"author":4,"featured_media":3967,"comment_status":"closed","ping_status":"closed","sticky":false,"template":"","format":"standard","meta":{"ngg_post_thumbnail":0,"footnotes":""},"categories":[184],"tags":[7,8,5,6],"class_list":["post-69","post","type-post","status-publish","format-standard","has-post-thumbnail","hentry","category-vpo","tag-pisos-de-proteccion-oficial","tag-vivienda-protegida","tag-vpo","tag-vpo-madrid"],"yoast_head":"<!-- This site is optimized with the Yoast SEO plugin v27.5 - https:\/\/yoast.com\/product\/yoast-seo-wordpress\/ -->\r\n<title>Registro demandas vivienda protegida permitir\u00e1 construir seg\u00fan necesidades - Grupo Inmobiliario Ferrocarril | Blog<\/title>\r\n<meta name=\"description\" content=\"Rojas compareci\u00f3 en el pleno del Parlamento para explicar este nuevo registro, en el que habr\u00e1n de inscribirse todas las personas o familias demandantes de vivienda protegida.\" \/>\r\n<meta name=\"robots\" content=\"index, follow, max-snippet:-1, max-image-preview:large, max-video-preview:-1\" \/>\r\n<link rel=\"canonical\" href=\"https:\/\/www.grupoferrocarril.com\/blog\/registro-demandas-vivienda-protegida-permitira-construir-segun-necesidades\/\" \/>\r\n<meta property=\"og:locale\" content=\"es_ES\" \/>\r\n<meta property=\"og:type\" content=\"article\" \/>\r\n<meta property=\"og:title\" content=\"Registro demandas vivienda protegida permitir\u00e1 construir seg\u00fan necesidades - Grupo Inmobiliario Ferrocarril | Blog\" \/>\r\n<meta property=\"og:description\" content=\"Rojas compareci\u00f3 en el pleno del Parlamento para explicar este nuevo registro, en el que habr\u00e1n de inscribirse todas las personas o familias demandantes de vivienda protegida.\" \/>\r\n<meta property=\"og:url\" content=\"https:\/\/www.grupoferrocarril.com\/blog\/registro-demandas-vivienda-protegida-permitira-construir-segun-necesidades\/\" \/>\r\n<meta property=\"og:site_name\" content=\"Grupo Inmobiliario Ferrocarril | Blog\" \/>\r\n<meta property=\"article:published_time\" content=\"2010-02-10T14:47:10+00:00\" \/>\r\n<meta property=\"article:modified_time\" content=\"2019-03-25T18:00:26+00:00\" \/>\r\n<meta property=\"og:image\" content=\"https:\/\/www.grupoferrocarril.com\/blog\/wp-content\/uploads\/2010\/02\/venta-pisos-obra-nueva-madrid-sevilla-alicante-16.jpg\" \/>\r\n\t<meta property=\"og:image:width\" content=\"360\" \/>\r\n\t<meta property=\"og:image:height\" content=\"360\" \/>\r\n\t<meta property=\"og:image:type\" content=\"image\/jpeg\" \/>\r\n<meta name=\"author\" content=\"Grupo Ferrocarril\" \/>\r\n<meta name=\"twitter:card\" content=\"summary_large_image\" \/>\r\n<meta name=\"twitter:label1\" content=\"Escrito por\" \/>\n\t<meta name=\"twitter:data1\" content=\"Grupo Ferrocarril\" \/>\n\t<meta name=\"twitter:label2\" content=\"Tiempo de lectura\" \/>\n\t<meta name=\"twitter:data2\" content=\"2 minutos\" \/>\r\n<script type=\"application\/ld+json\" class=\"yoast-schema-graph\">{\"@context\":\"https:\\\/\\\/schema.org\",\"@graph\":[{\"@type\":\"Article\",\"@id\":\"https:\\\/\\\/www.grupoferrocarril.com\\\/blog\\\/registro-demandas-vivienda-protegida-permitira-construir-segun-necesidades\\\/#article\",\"isPartOf\":{\"@id\":\"https:\\\/\\\/www.grupoferrocarril.com\\\/blog\\\/registro-demandas-vivienda-protegida-permitira-construir-segun-necesidades\\\/\"},\"author\":{\"name\":\"Grupo Ferrocarril\",\"@id\":\"https:\\\/\\\/www.grupoferrocarril.com\\\/blog\\\/#\\\/schema\\\/person\\\/9c02fc15bd75bbe9322fea01d5b93497\"},\"headline\":\"Registro demandas vivienda protegida permitir\u00e1 construir seg\u00fan necesidades\",\"datePublished\":\"2010-02-10T14:47:10+00:00\",\"dateModified\":\"2019-03-25T18:00:26+00:00\",\"mainEntityOfPage\":{\"@id\":\"https:\\\/\\\/www.grupoferrocarril.com\\\/blog\\\/registro-demandas-vivienda-protegida-permitira-construir-segun-necesidades\\\/\"},\"wordCount\":395,\"image\":{\"@id\":\"https:\\\/\\\/www.grupoferrocarril.com\\\/blog\\\/registro-demandas-vivienda-protegida-permitira-construir-segun-necesidades\\\/#primaryimage\"},\"thumbnailUrl\":\"https:\\\/\\\/www.grupoferrocarril.com\\\/blog\\\/wp-content\\\/uploads\\\/2010\\\/02\\\/venta-pisos-obra-nueva-madrid-sevilla-alicante-16.jpg\",\"keywords\":[\"pisos de protecci\u00f3n oficial\",\"vivienda protegida\",\"vpo\",\"vpo madrid\"],\"articleSection\":[\"VPO\"],\"inLanguage\":\"es\"},{\"@type\":\"WebPage\",\"@id\":\"https:\\\/\\\/www.grupoferrocarril.com\\\/blog\\\/registro-demandas-vivienda-protegida-permitira-construir-segun-necesidades\\\/\",\"url\":\"https:\\\/\\\/www.grupoferrocarril.com\\\/blog\\\/registro-demandas-vivienda-protegida-permitira-construir-segun-necesidades\\\/\",\"name\":\"Registro demandas vivienda protegida permitir\u00e1 construir seg\u00fan necesidades - Grupo Inmobiliario Ferrocarril | Blog\",\"isPartOf\":{\"@id\":\"https:\\\/\\\/www.grupoferrocarril.com\\\/blog\\\/#website\"},\"primaryImageOfPage\":{\"@id\":\"https:\\\/\\\/www.grupoferrocarril.com\\\/blog\\\/registro-demandas-vivienda-protegida-permitira-construir-segun-necesidades\\\/#primaryimage\"},\"image\":{\"@id\":\"https:\\\/\\\/www.grupoferrocarril.com\\\/blog\\\/registro-demandas-vivienda-protegida-permitira-construir-segun-necesidades\\\/#primaryimage\"},\"thumbnailUrl\":\"https:\\\/\\\/www.grupoferrocarril.com\\\/blog\\\/wp-content\\\/uploads\\\/2010\\\/02\\\/venta-pisos-obra-nueva-madrid-sevilla-alicante-16.jpg\",\"datePublished\":\"2010-02-10T14:47:10+00:00\",\"dateModified\":\"2019-03-25T18:00:26+00:00\",\"author\":{\"@id\":\"https:\\\/\\\/www.grupoferrocarril.com\\\/blog\\\/#\\\/schema\\\/person\\\/9c02fc15bd75bbe9322fea01d5b93497\"},\"description\":\"Rojas compareci\u00f3 en el pleno del Parlamento para explicar este nuevo registro, en el que habr\u00e1n de inscribirse todas las personas o familias demandantes de vivienda protegida.\",\"breadcrumb\":{\"@id\":\"https:\\\/\\\/www.grupoferrocarril.com\\\/blog\\\/registro-demandas-vivienda-protegida-permitira-construir-segun-necesidades\\\/#breadcrumb\"},\"inLanguage\":\"es\",\"potentialAction\":[{\"@type\":\"ReadAction\",\"target\":[\"https:\\\/\\\/www.grupoferrocarril.com\\\/blog\\\/registro-demandas-vivienda-protegida-permitira-construir-segun-necesidades\\\/\"]}]},{\"@type\":\"ImageObject\",\"inLanguage\":\"es\",\"@id\":\"https:\\\/\\\/www.grupoferrocarril.com\\\/blog\\\/registro-demandas-vivienda-protegida-permitira-construir-segun-necesidades\\\/#primaryimage\",\"url\":\"https:\\\/\\\/www.grupoferrocarril.com\\\/blog\\\/wp-content\\\/uploads\\\/2010\\\/02\\\/venta-pisos-obra-nueva-madrid-sevilla-alicante-16.jpg\",\"contentUrl\":\"https:\\\/\\\/www.grupoferrocarril.com\\\/blog\\\/wp-content\\\/uploads\\\/2010\\\/02\\\/venta-pisos-obra-nueva-madrid-sevilla-alicante-16.jpg\",\"width\":360,\"height\":360,\"caption\":\"Venta de pisos de obra nueva en Madrid, Alicante y Sevilla\"},{\"@type\":\"BreadcrumbList\",\"@id\":\"https:\\\/\\\/www.grupoferrocarril.com\\\/blog\\\/registro-demandas-vivienda-protegida-permitira-construir-segun-necesidades\\\/#breadcrumb\",\"itemListElement\":[{\"@type\":\"ListItem\",\"position\":1,\"name\":\"Portada\",\"item\":\"https:\\\/\\\/www.grupoferrocarril.com\\\/blog\\\/\"},{\"@type\":\"ListItem\",\"position\":2,\"name\":\"Registro demandas vivienda protegida permitir\u00e1 construir seg\u00fan necesidades\"}]},{\"@type\":\"WebSite\",\"@id\":\"https:\\\/\\\/www.grupoferrocarril.com\\\/blog\\\/#website\",\"url\":\"https:\\\/\\\/www.grupoferrocarril.com\\\/blog\\\/\",\"name\":\"Grupo Inmobiliario Ferrocarril | Blog\",\"description\":\"Venta de pisos y casas de obra nueva\",\"potentialAction\":[{\"@type\":\"SearchAction\",\"target\":{\"@type\":\"EntryPoint\",\"urlTemplate\":\"https:\\\/\\\/www.grupoferrocarril.com\\\/blog\\\/?s={search_term_string}\"},\"query-input\":{\"@type\":\"PropertyValueSpecification\",\"valueRequired\":true,\"valueName\":\"search_term_string\"}}],\"inLanguage\":\"es\"},{\"@type\":\"Person\",\"@id\":\"https:\\\/\\\/www.grupoferrocarril.com\\\/blog\\\/#\\\/schema\\\/person\\\/9c02fc15bd75bbe9322fea01d5b93497\",\"name\":\"Grupo Ferrocarril\",\"image\":{\"@type\":\"ImageObject\",\"inLanguage\":\"es\",\"@id\":\"https:\\\/\\\/www.grupoferrocarril.com\\\/blog\\\/wp-content\\\/uploads\\\/2019\\\/05\\\/avatar-150x150.jpg\",\"url\":\"https:\\\/\\\/www.grupoferrocarril.com\\\/blog\\\/wp-content\\\/uploads\\\/2019\\\/05\\\/avatar-150x150.jpg\",\"contentUrl\":\"https:\\\/\\\/www.grupoferrocarril.com\\\/blog\\\/wp-content\\\/uploads\\\/2019\\\/05\\\/avatar-150x150.jpg\",\"caption\":\"Grupo Ferrocarril\"},\"url\":\"https:\\\/\\\/www.grupoferrocarril.com\\\/blog\\\/author\\\/ferrocarril\\\/\"}]}<\/script>\r\n<!-- \/ Yoast SEO plugin. -->","yoast_head_json":{"title":"Registro demandas vivienda protegida permitir\u00e1 construir seg\u00fan necesidades - Grupo Inmobiliario Ferrocarril | Blog","description":"Rojas compareci\u00f3 en el pleno del Parlamento para explicar este nuevo registro, en el que habr\u00e1n de inscribirse todas las personas o familias demandantes de vivienda protegida.","robots":{"index":"index","follow":"follow","max-snippet":"max-snippet:-1","max-image-preview":"max-image-preview:large","max-video-preview":"max-video-preview:-1"},"canonical":"https:\/\/www.grupoferrocarril.com\/blog\/registro-demandas-vivienda-protegida-permitira-construir-segun-necesidades\/","og_locale":"es_ES","og_type":"article","og_title":"Registro demandas vivienda protegida permitir\u00e1 construir seg\u00fan necesidades - Grupo Inmobiliario Ferrocarril | Blog","og_description":"Rojas compareci\u00f3 en el pleno del Parlamento para explicar este nuevo registro, en el que habr\u00e1n de inscribirse todas las personas o familias demandantes de vivienda protegida.","og_url":"https:\/\/www.grupoferrocarril.com\/blog\/registro-demandas-vivienda-protegida-permitira-construir-segun-necesidades\/","og_site_name":"Grupo Inmobiliario Ferrocarril | Blog","article_published_time":"2010-02-10T14:47:10+00:00","article_modified_time":"2019-03-25T18:00:26+00:00","og_image":[{"width":360,"height":360,"url":"https:\/\/www.grupoferrocarril.com\/blog\/wp-content\/uploads\/2010\/02\/venta-pisos-obra-nueva-madrid-sevilla-alicante-16.jpg","type":"image\/jpeg"}],"author":"Grupo Ferrocarril","twitter_card":"summary_large_image","twitter_misc":{"Escrito por":"Grupo Ferrocarril","Tiempo de lectura":"2 minutos"},"schema":{"@context":"https:\/\/schema.org","@graph":[{"@type":"Article","@id":"https:\/\/www.grupoferrocarril.com\/blog\/registro-demandas-vivienda-protegida-permitira-construir-segun-necesidades\/#article","isPartOf":{"@id":"https:\/\/www.grupoferrocarril.com\/blog\/registro-demandas-vivienda-protegida-permitira-construir-segun-necesidades\/"},"author":{"name":"Grupo Ferrocarril","@id":"https:\/\/www.grupoferrocarril.com\/blog\/#\/schema\/person\/9c02fc15bd75bbe9322fea01d5b93497"},"headline":"Registro demandas vivienda protegida permitir\u00e1 construir seg\u00fan necesidades","datePublished":"2010-02-10T14:47:10+00:00","dateModified":"2019-03-25T18:00:26+00:00","mainEntityOfPage":{"@id":"https:\/\/www.grupoferrocarril.com\/blog\/registro-demandas-vivienda-protegida-permitira-construir-segun-necesidades\/"},"wordCount":395,"image":{"@id":"https:\/\/www.grupoferrocarril.com\/blog\/registro-demandas-vivienda-protegida-permitira-construir-segun-necesidades\/#primaryimage"},"thumbnailUrl":"https:\/\/www.grupoferrocarril.com\/blog\/wp-content\/uploads\/2010\/02\/venta-pisos-obra-nueva-madrid-sevilla-alicante-16.jpg","keywords":["pisos de protecci\u00f3n oficial","vivienda protegida","vpo","vpo madrid"],"articleSection":["VPO"],"inLanguage":"es"},{"@type":"WebPage","@id":"https:\/\/www.grupoferrocarril.com\/blog\/registro-demandas-vivienda-protegida-permitira-construir-segun-necesidades\/","url":"https:\/\/www.grupoferrocarril.com\/blog\/registro-demandas-vivienda-protegida-permitira-construir-segun-necesidades\/","name":"Registro demandas vivienda protegida permitir\u00e1 construir seg\u00fan necesidades - Grupo Inmobiliario Ferrocarril | Blog","isPartOf":{"@id":"https:\/\/www.grupoferrocarril.com\/blog\/#website"},"primaryImageOfPage":{"@id":"https:\/\/www.grupoferrocarril.com\/blog\/registro-demandas-vivienda-protegida-permitira-construir-segun-necesidades\/#primaryimage"},"image":{"@id":"https:\/\/www.grupoferrocarril.com\/blog\/registro-demandas-vivienda-protegida-permitira-construir-segun-necesidades\/#primaryimage"},"thumbnailUrl":"https:\/\/www.grupoferrocarril.com\/blog\/wp-content\/uploads\/2010\/02\/venta-pisos-obra-nueva-madrid-sevilla-alicante-16.jpg","datePublished":"2010-02-10T14:47:10+00:00","dateModified":"2019-03-25T18:00:26+00:00","author":{"@id":"https:\/\/www.grupoferrocarril.com\/blog\/#\/schema\/person\/9c02fc15bd75bbe9322fea01d5b93497"},"description":"Rojas compareci\u00f3 en el pleno del Parlamento para explicar este nuevo registro, en el que habr\u00e1n de inscribirse todas las personas o familias demandantes de vivienda protegida.","breadcrumb":{"@id":"https:\/\/www.grupoferrocarril.com\/blog\/registro-demandas-vivienda-protegida-permitira-construir-segun-necesidades\/#breadcrumb"},"inLanguage":"es","potentialAction":[{"@type":"ReadAction","target":["https:\/\/www.grupoferrocarril.com\/blog\/registro-demandas-vivienda-protegida-permitira-construir-segun-necesidades\/"]}]},{"@type":"ImageObject","inLanguage":"es","@id":"https:\/\/www.grupoferrocarril.com\/blog\/registro-demandas-vivienda-protegida-permitira-construir-segun-necesidades\/#primaryimage","url":"https:\/\/www.grupoferrocarril.com\/blog\/wp-content\/uploads\/2010\/02\/venta-pisos-obra-nueva-madrid-sevilla-alicante-16.jpg","contentUrl":"https:\/\/www.grupoferrocarril.com\/blog\/wp-content\/uploads\/2010\/02\/venta-pisos-obra-nueva-madrid-sevilla-alicante-16.jpg","width":360,"height":360,"caption":"Venta de pisos de obra nueva en Madrid, Alicante y Sevilla"},{"@type":"BreadcrumbList","@id":"https:\/\/www.grupoferrocarril.com\/blog\/registro-demandas-vivienda-protegida-permitira-construir-segun-necesidades\/#breadcrumb","itemListElement":[{"@type":"ListItem","position":1,"name":"Portada","item":"https:\/\/www.grupoferrocarril.com\/blog\/"},{"@type":"ListItem","position":2,"name":"Registro demandas vivienda protegida permitir\u00e1 construir seg\u00fan necesidades"}]},{"@type":"WebSite","@id":"https:\/\/www.grupoferrocarril.com\/blog\/#website","url":"https:\/\/www.grupoferrocarril.com\/blog\/","name":"Grupo Inmobiliario Ferrocarril | Blog","description":"Venta de pisos y casas de obra nueva","potentialAction":[{"@type":"SearchAction","target":{"@type":"EntryPoint","urlTemplate":"https:\/\/www.grupoferrocarril.com\/blog\/?s={search_term_string}"},"query-input":{"@type":"PropertyValueSpecification","valueRequired":true,"valueName":"search_term_string"}}],"inLanguage":"es"},{"@type":"Person","@id":"https:\/\/www.grupoferrocarril.com\/blog\/#\/schema\/person\/9c02fc15bd75bbe9322fea01d5b93497","name":"Grupo Ferrocarril","image":{"@type":"ImageObject","inLanguage":"es","@id":"https:\/\/www.grupoferrocarril.com\/blog\/wp-content\/uploads\/2019\/05\/avatar-150x150.jpg","url":"https:\/\/www.grupoferrocarril.com\/blog\/wp-content\/uploads\/2019\/05\/avatar-150x150.jpg","contentUrl":"https:\/\/www.grupoferrocarril.com\/blog\/wp-content\/uploads\/2019\/05\/avatar-150x150.jpg","caption":"Grupo Ferrocarril"},"url":"https:\/\/www.grupoferrocarril.com\/blog\/author\/ferrocarril\/"}]}},"_links":{"self":[{"href":"https:\/\/www.grupoferrocarril.com\/blog\/wp-json\/wp\/v2\/posts\/69","targetHints":{"allow":["GET"]}}],"collection":[{"href":"https:\/\/www.grupoferrocarril.com\/blog\/wp-json\/wp\/v2\/posts"}],"about":[{"href":"https:\/\/www.grupoferrocarril.com\/blog\/wp-json\/wp\/v2\/types\/post"}],"author":[{"embeddable":true,"href":"https:\/\/www.grupoferrocarril.com\/blog\/wp-json\/wp\/v2\/users\/4"}],"replies":[{"embeddable":true,"href":"https:\/\/www.grupoferrocarril.com\/blog\/wp-json\/wp\/v2\/comments?post=69"}],"version-history":[{"count":2,"href":"https:\/\/www.grupoferrocarril.com\/blog\/wp-json\/wp\/v2\/posts\/69\/revisions"}],"predecessor-version":[{"id":3968,"href":"https:\/\/www.grupoferrocarril.com\/blog\/wp-json\/wp\/v2\/posts\/69\/revisions\/3968"}],"wp:featuredmedia":[{"embeddable":true,"href":"https:\/\/www.grupoferrocarril.com\/blog\/wp-json\/wp\/v2\/media\/3967"}],"wp:attachment":[{"href":"https:\/\/www.grupoferrocarril.com\/blog\/wp-json\/wp\/v2\/media?parent=69"}],"wp:term":[{"taxonomy":"category","embeddable":true,"href":"https:\/\/www.grupoferrocarril.com\/blog\/wp-json\/wp\/v2\/categories?post=69"},{"taxonomy":"post_tag","embeddable":true,"href":"https:\/\/www.grupoferrocarril.com\/blog\/wp-json\/wp\/v2\/tags?post=69"}],"curies":[{"name":"wp","href":"https:\/\/api.w.org\/{rel}","templated":true}]}}