{"id":585,"date":"2011-02-08T10:09:41","date_gmt":"2011-02-08T08:09:41","guid":{"rendered":"http:\/\/www.inmoferrocarril.com\/blog\/?p=585"},"modified":"2011-02-08T10:09:41","modified_gmt":"2011-02-08T08:09:41","slug":"pisos-en-valdebebas","status":"publish","type":"post","link":"https:\/\/www.grupoferrocarril.com\/blog\/pisos-en-valdebebas\/","title":{"rendered":"Venta de pisos en Valdebebas"},"content":{"rendered":"<p><strong><a href=\"https:\/\/www.grupoferrocarril.com\/blog\/wp-content\/uploads\/2011\/02\/valdebebasII-foto9.jpg\"><img loading=\"lazy\" decoding=\"async\" class=\"alignright size-medium wp-image-586\" title=\"valdebebasII-foto9\" src=\"https:\/\/www.grupoferrocarril.com\/blog\/wp-content\/uploads\/2011\/02\/valdebebasII-foto9-300x225.jpg\" alt=\"\" width=\"300\" height=\"225\" \/><\/a>Valdebebas <\/strong>est\u00e1 delimitado por <strong>Sanchinarro<\/strong>, <strong>El Encinar de los Reyes<\/strong>,<strong> La Moraleja<\/strong>, <strong>Hortaleza <\/strong>y <strong>Barajas<\/strong>. Dentro de sus l\u00edmites encontramos la ciudad deportiva del club de f\u00fatbol <strong>Real Madrid<\/strong> y las nuevas instalaciones de <strong>IFEMA<\/strong>.\u00a0La venta de pisos en Valdebebas \u00a0est\u00e1 orientada y pensada para que la vida de quienes ah\u00ed habiten sea sencilla y con todo a la mano. Esta nueva \u201cciudad\u201d contar\u00e1 con edificios de viviendas, parques, locales comerciales para suplir las demandas de quienes ah\u00ed vivan.<br \/>\n<!--more--><br \/>\n<a href=\"http:\/\/www.inmoferrocarril.com\/\" target=\"_blank\" rel=\"noopener noreferrer\"><strong>Inmoferrocarril<\/strong><\/a> se ha lanzado al desarrollo y ofrece 4 opciones distintas.<br \/>\n<a href=\"http:\/\/www.inmoferrocarril.com\/v\/3\/34\/promociones-de-viviendas\/residencial-valdebebas\" target=\"_blank\" rel=\"noopener noreferrer\"><strong>Residencial Valdebebas<\/strong><\/a>: Viviendas VPPB de 1 a 4 dormitorios, 2 ba\u00f1os, 1 plaza de garaje con opci\u00f3n a comprar una segunda. Esta promoci\u00f3n es ahora financiada por el <strong>Banco Gallego<\/strong>. La fecha de entrega est\u00e1 prevista para el a\u00f1o 2013.<br \/>\n<strong><a href=\"https:\/\/www.grupoferrocarril.com\/blog\/wp-content\/uploads\/2011\/02\/terraza.jpg\"><img loading=\"lazy\" decoding=\"async\" class=\"alignleft size-medium wp-image-587\" title=\"terraza\" src=\"https:\/\/www.grupoferrocarril.com\/blog\/wp-content\/uploads\/2011\/02\/terraza-300x225.jpg\" alt=\"\" width=\"300\" height=\"225\" \/><\/a><a href=\"http:\/\/www.inmoferrocarril.com\/v\/3\/44\/promociones-de-viviendas\/residencial-valdebebas-ii\" target=\"_blank\" rel=\"noopener noreferrer\">Residencial Valdebebas II<\/a><\/strong>: Pisos VPPL a partir de 81 metros cuadrados construidos, pueden tener de 2 a 4 dormitorios, 2 plazas de garaje, trastero. Urbanizaci\u00f3n cerrada con piscina y zonas comunes. Fecha de entrega prevista: 2013.<br \/>\n<a href=\"http:\/\/www.inmoferrocarril.com\/v\/3\/46\/promociones-de-viviendas\/valdebebas-iii\" target=\"_blank\" rel=\"noopener noreferrer\"><strong>Residencial Valdebebas III<\/strong><\/a>: Nuevo desarrollo donde puede hacer la compra de viviendas en Valdebebas con sede de 79 viviendas VPPB financiado por <strong>Caja Madrid<\/strong>. Pisos de 2 y 3 dormitorios, 2 ba\u00f1os, 2 plazas de garaje y trastero. Zonas comunes en la urbanizaci\u00f3n con piscina. Fecha de entrega: 2013.<br \/>\n<a href=\"http:\/\/www.inmoferrocarril.com\/v\/3\/54\/promociones-de-viviendas\/valdebebas-iv\" target=\"_blank\" rel=\"noopener noreferrer\"><strong>Residencial Valdebebas IV<\/strong><\/a>: 110 metros cuadrados construido por vivienda, que puede ser de 2 o 3 dormitorios, 2 ba\u00f1os y plaza de garaje. La fecha de entrega de esta promoci\u00f3n es 2013.<br \/>\nSi quieres m\u00e1s informaci\u00f3n sobre estas promociones o deseas conocer otras opciones, haz clic <a href=\"http:\/\/www.inmoferrocarril.com\/\"><strong>aqu\u00ed<\/strong><\/a>.<\/p>\n","protected":false},"excerpt":{"rendered":"<p>Valdebebas est\u00e1 delimitado por Sanchinarro, El Encinar de los Reyes, [&hellip;]<\/p>\n","protected":false},"author":4,"featured_media":0,"comment_status":"closed","ping_status":"closed","sticky":false,"template":"","format":"standard","meta":{"ngg_post_thumbnail":0,"footnotes":""},"categories":[3],"tags":[8,4,12,9,11],"class_list":["post-585","post","type-post","status-publish","format-standard","hentry","category-uncategorized","tag-vivienda-protegida","tag-vivienda-protegida-madrid","tag-vppb","tag-vppl","tag-vppl-madrid"],"yoast_head":"<!-- This site is optimized with the Yoast SEO plugin v27.5 - https:\/\/yoast.com\/product\/yoast-seo-wordpress\/ -->\r\n<title>Venta de pisos en Valdebebas - Grupo Inmobiliario Ferrocarril | Blog<\/title>\r\n<meta name=\"robots\" content=\"index, follow, max-snippet:-1, max-image-preview:large, max-video-preview:-1\" \/>\r\n<link rel=\"canonical\" href=\"https:\/\/www.grupoferrocarril.com\/blog\/pisos-en-valdebebas\/\" \/>\r\n<meta property=\"og:locale\" content=\"es_ES\" \/>\r\n<meta property=\"og:type\" content=\"article\" \/>\r\n<meta property=\"og:title\" content=\"Venta de pisos en Valdebebas - Grupo Inmobiliario Ferrocarril | Blog\" \/>\r\n<meta property=\"og:description\" content=\"Valdebebas est\u00e1 delimitado por Sanchinarro, El Encinar de los Reyes, [&hellip;]\" \/>\r\n<meta property=\"og:url\" content=\"https:\/\/www.grupoferrocarril.com\/blog\/pisos-en-valdebebas\/\" \/>\r\n<meta property=\"og:site_name\" content=\"Grupo Inmobiliario Ferrocarril | Blog\" \/>\r\n<meta property=\"article:published_time\" content=\"2011-02-08T08:09:41+00:00\" \/>\r\n<meta property=\"og:image\" content=\"https:\/\/www.grupoferrocarril.com\/blog\/wp-content\/uploads\/2011\/02\/valdebebasII-foto9-300x225.jpg\" \/>\r\n<meta name=\"author\" content=\"Grupo Ferrocarril\" \/>\r\n<meta name=\"twitter:card\" content=\"summary_large_image\" \/>\r\n<meta name=\"twitter:label1\" content=\"Escrito por\" \/>\n\t<meta name=\"twitter:data1\" content=\"Grupo Ferrocarril\" \/>\n\t<meta name=\"twitter:label2\" content=\"Tiempo de lectura\" \/>\n\t<meta name=\"twitter:data2\" content=\"1 minuto\" \/>\r\n<script type=\"application\/ld+json\" class=\"yoast-schema-graph\">{\"@context\":\"https:\\\/\\\/schema.org\",\"@graph\":[{\"@type\":\"Article\",\"@id\":\"https:\\\/\\\/www.grupoferrocarril.com\\\/blog\\\/pisos-en-valdebebas\\\/#article\",\"isPartOf\":{\"@id\":\"https:\\\/\\\/www.grupoferrocarril.com\\\/blog\\\/pisos-en-valdebebas\\\/\"},\"author\":{\"name\":\"Grupo Ferrocarril\",\"@id\":\"https:\\\/\\\/www.grupoferrocarril.com\\\/blog\\\/#\\\/schema\\\/person\\\/9c02fc15bd75bbe9322fea01d5b93497\"},\"headline\":\"Venta de pisos en Valdebebas\",\"datePublished\":\"2011-02-08T08:09:41+00:00\",\"mainEntityOfPage\":{\"@id\":\"https:\\\/\\\/www.grupoferrocarril.com\\\/blog\\\/pisos-en-valdebebas\\\/\"},\"wordCount\":259,\"image\":{\"@id\":\"https:\\\/\\\/www.grupoferrocarril.com\\\/blog\\\/pisos-en-valdebebas\\\/#primaryimage\"},\"thumbnailUrl\":\"https:\\\/\\\/www.grupoferrocarril.com\\\/blog\\\/wp-content\\\/uploads\\\/2011\\\/02\\\/valdebebasII-foto9-300x225.jpg\",\"keywords\":[\"vivienda protegida\",\"vivienda protegida madrid\",\"vppb\",\"vppl\",\"vppl madrid\"],\"articleSection\":[\"General\"],\"inLanguage\":\"es\"},{\"@type\":\"WebPage\",\"@id\":\"https:\\\/\\\/www.grupoferrocarril.com\\\/blog\\\/pisos-en-valdebebas\\\/\",\"url\":\"https:\\\/\\\/www.grupoferrocarril.com\\\/blog\\\/pisos-en-valdebebas\\\/\",\"name\":\"Venta de pisos en Valdebebas - Grupo Inmobiliario Ferrocarril | Blog\",\"isPartOf\":{\"@id\":\"https:\\\/\\\/www.grupoferrocarril.com\\\/blog\\\/#website\"},\"primaryImageOfPage\":{\"@id\":\"https:\\\/\\\/www.grupoferrocarril.com\\\/blog\\\/pisos-en-valdebebas\\\/#primaryimage\"},\"image\":{\"@id\":\"https:\\\/\\\/www.grupoferrocarril.com\\\/blog\\\/pisos-en-valdebebas\\\/#primaryimage\"},\"thumbnailUrl\":\"https:\\\/\\\/www.grupoferrocarril.com\\\/blog\\\/wp-content\\\/uploads\\\/2011\\\/02\\\/valdebebasII-foto9-300x225.jpg\",\"datePublished\":\"2011-02-08T08:09:41+00:00\",\"author\":{\"@id\":\"https:\\\/\\\/www.grupoferrocarril.com\\\/blog\\\/#\\\/schema\\\/person\\\/9c02fc15bd75bbe9322fea01d5b93497\"},\"breadcrumb\":{\"@id\":\"https:\\\/\\\/www.grupoferrocarril.com\\\/blog\\\/pisos-en-valdebebas\\\/#breadcrumb\"},\"inLanguage\":\"es\",\"potentialAction\":[{\"@type\":\"ReadAction\",\"target\":[\"https:\\\/\\\/www.grupoferrocarril.com\\\/blog\\\/pisos-en-valdebebas\\\/\"]}]},{\"@type\":\"ImageObject\",\"inLanguage\":\"es\",\"@id\":\"https:\\\/\\\/www.grupoferrocarril.com\\\/blog\\\/pisos-en-valdebebas\\\/#primaryimage\",\"url\":\"\",\"contentUrl\":\"\"},{\"@type\":\"BreadcrumbList\",\"@id\":\"https:\\\/\\\/www.grupoferrocarril.com\\\/blog\\\/pisos-en-valdebebas\\\/#breadcrumb\",\"itemListElement\":[{\"@type\":\"ListItem\",\"position\":1,\"name\":\"Portada\",\"item\":\"https:\\\/\\\/www.grupoferrocarril.com\\\/blog\\\/\"},{\"@type\":\"ListItem\",\"position\":2,\"name\":\"Venta de pisos en Valdebebas\"}]},{\"@type\":\"WebSite\",\"@id\":\"https:\\\/\\\/www.grupoferrocarril.com\\\/blog\\\/#website\",\"url\":\"https:\\\/\\\/www.grupoferrocarril.com\\\/blog\\\/\",\"name\":\"Grupo Inmobiliario Ferrocarril | Blog\",\"description\":\"Venta de pisos y casas de obra nueva\",\"potentialAction\":[{\"@type\":\"SearchAction\",\"target\":{\"@type\":\"EntryPoint\",\"urlTemplate\":\"https:\\\/\\\/www.grupoferrocarril.com\\\/blog\\\/?s={search_term_string}\"},\"query-input\":{\"@type\":\"PropertyValueSpecification\",\"valueRequired\":true,\"valueName\":\"search_term_string\"}}],\"inLanguage\":\"es\"},{\"@type\":\"Person\",\"@id\":\"https:\\\/\\\/www.grupoferrocarril.com\\\/blog\\\/#\\\/schema\\\/person\\\/9c02fc15bd75bbe9322fea01d5b93497\",\"name\":\"Grupo Ferrocarril\",\"image\":{\"@type\":\"ImageObject\",\"inLanguage\":\"es\",\"@id\":\"https:\\\/\\\/www.grupoferrocarril.com\\\/blog\\\/wp-content\\\/uploads\\\/2019\\\/05\\\/avatar-150x150.jpg\",\"url\":\"https:\\\/\\\/www.grupoferrocarril.com\\\/blog\\\/wp-content\\\/uploads\\\/2019\\\/05\\\/avatar-150x150.jpg\",\"contentUrl\":\"https:\\\/\\\/www.grupoferrocarril.com\\\/blog\\\/wp-content\\\/uploads\\\/2019\\\/05\\\/avatar-150x150.jpg\",\"caption\":\"Grupo Ferrocarril\"},\"url\":\"https:\\\/\\\/www.grupoferrocarril.com\\\/blog\\\/author\\\/ferrocarril\\\/\"}]}<\/script>\r\n<!-- \/ Yoast SEO plugin. -->","yoast_head_json":{"title":"Venta de pisos en Valdebebas - Grupo Inmobiliario Ferrocarril | Blog","robots":{"index":"index","follow":"follow","max-snippet":"max-snippet:-1","max-image-preview":"max-image-preview:large","max-video-preview":"max-video-preview:-1"},"canonical":"https:\/\/www.grupoferrocarril.com\/blog\/pisos-en-valdebebas\/","og_locale":"es_ES","og_type":"article","og_title":"Venta de pisos en Valdebebas - Grupo Inmobiliario Ferrocarril | Blog","og_description":"Valdebebas est\u00e1 delimitado por Sanchinarro, El Encinar de los Reyes, [&hellip;]","og_url":"https:\/\/www.grupoferrocarril.com\/blog\/pisos-en-valdebebas\/","og_site_name":"Grupo Inmobiliario Ferrocarril | Blog","article_published_time":"2011-02-08T08:09:41+00:00","og_image":[{"url":"https:\/\/www.grupoferrocarril.com\/blog\/wp-content\/uploads\/2011\/02\/valdebebasII-foto9-300x225.jpg","type":"","width":"","height":""}],"author":"Grupo Ferrocarril","twitter_card":"summary_large_image","twitter_misc":{"Escrito por":"Grupo Ferrocarril","Tiempo de lectura":"1 minuto"},"schema":{"@context":"https:\/\/schema.org","@graph":[{"@type":"Article","@id":"https:\/\/www.grupoferrocarril.com\/blog\/pisos-en-valdebebas\/#article","isPartOf":{"@id":"https:\/\/www.grupoferrocarril.com\/blog\/pisos-en-valdebebas\/"},"author":{"name":"Grupo Ferrocarril","@id":"https:\/\/www.grupoferrocarril.com\/blog\/#\/schema\/person\/9c02fc15bd75bbe9322fea01d5b93497"},"headline":"Venta de pisos en Valdebebas","datePublished":"2011-02-08T08:09:41+00:00","mainEntityOfPage":{"@id":"https:\/\/www.grupoferrocarril.com\/blog\/pisos-en-valdebebas\/"},"wordCount":259,"image":{"@id":"https:\/\/www.grupoferrocarril.com\/blog\/pisos-en-valdebebas\/#primaryimage"},"thumbnailUrl":"https:\/\/www.grupoferrocarril.com\/blog\/wp-content\/uploads\/2011\/02\/valdebebasII-foto9-300x225.jpg","keywords":["vivienda protegida","vivienda protegida madrid","vppb","vppl","vppl madrid"],"articleSection":["General"],"inLanguage":"es"},{"@type":"WebPage","@id":"https:\/\/www.grupoferrocarril.com\/blog\/pisos-en-valdebebas\/","url":"https:\/\/www.grupoferrocarril.com\/blog\/pisos-en-valdebebas\/","name":"Venta de pisos en Valdebebas - Grupo Inmobiliario Ferrocarril | Blog","isPartOf":{"@id":"https:\/\/www.grupoferrocarril.com\/blog\/#website"},"primaryImageOfPage":{"@id":"https:\/\/www.grupoferrocarril.com\/blog\/pisos-en-valdebebas\/#primaryimage"},"image":{"@id":"https:\/\/www.grupoferrocarril.com\/blog\/pisos-en-valdebebas\/#primaryimage"},"thumbnailUrl":"https:\/\/www.grupoferrocarril.com\/blog\/wp-content\/uploads\/2011\/02\/valdebebasII-foto9-300x225.jpg","datePublished":"2011-02-08T08:09:41+00:00","author":{"@id":"https:\/\/www.grupoferrocarril.com\/blog\/#\/schema\/person\/9c02fc15bd75bbe9322fea01d5b93497"},"breadcrumb":{"@id":"https:\/\/www.grupoferrocarril.com\/blog\/pisos-en-valdebebas\/#breadcrumb"},"inLanguage":"es","potentialAction":[{"@type":"ReadAction","target":["https:\/\/www.grupoferrocarril.com\/blog\/pisos-en-valdebebas\/"]}]},{"@type":"ImageObject","inLanguage":"es","@id":"https:\/\/www.grupoferrocarril.com\/blog\/pisos-en-valdebebas\/#primaryimage","url":"","contentUrl":""},{"@type":"BreadcrumbList","@id":"https:\/\/www.grupoferrocarril.com\/blog\/pisos-en-valdebebas\/#breadcrumb","itemListElement":[{"@type":"ListItem","position":1,"name":"Portada","item":"https:\/\/www.grupoferrocarril.com\/blog\/"},{"@type":"ListItem","position":2,"name":"Venta de pisos en Valdebebas"}]},{"@type":"WebSite","@id":"https:\/\/www.grupoferrocarril.com\/blog\/#website","url":"https:\/\/www.grupoferrocarril.com\/blog\/","name":"Grupo Inmobiliario Ferrocarril | Blog","description":"Venta de pisos y casas de obra nueva","potentialAction":[{"@type":"SearchAction","target":{"@type":"EntryPoint","urlTemplate":"https:\/\/www.grupoferrocarril.com\/blog\/?s={search_term_string}"},"query-input":{"@type":"PropertyValueSpecification","valueRequired":true,"valueName":"search_term_string"}}],"inLanguage":"es"},{"@type":"Person","@id":"https:\/\/www.grupoferrocarril.com\/blog\/#\/schema\/person\/9c02fc15bd75bbe9322fea01d5b93497","name":"Grupo Ferrocarril","image":{"@type":"ImageObject","inLanguage":"es","@id":"https:\/\/www.grupoferrocarril.com\/blog\/wp-content\/uploads\/2019\/05\/avatar-150x150.jpg","url":"https:\/\/www.grupoferrocarril.com\/blog\/wp-content\/uploads\/2019\/05\/avatar-150x150.jpg","contentUrl":"https:\/\/www.grupoferrocarril.com\/blog\/wp-content\/uploads\/2019\/05\/avatar-150x150.jpg","caption":"Grupo Ferrocarril"},"url":"https:\/\/www.grupoferrocarril.com\/blog\/author\/ferrocarril\/"}]}},"_links":{"self":[{"href":"https:\/\/www.grupoferrocarril.com\/blog\/wp-json\/wp\/v2\/posts\/585","targetHints":{"allow":["GET"]}}],"collection":[{"href":"https:\/\/www.grupoferrocarril.com\/blog\/wp-json\/wp\/v2\/posts"}],"about":[{"href":"https:\/\/www.grupoferrocarril.com\/blog\/wp-json\/wp\/v2\/types\/post"}],"author":[{"embeddable":true,"href":"https:\/\/www.grupoferrocarril.com\/blog\/wp-json\/wp\/v2\/users\/4"}],"replies":[{"embeddable":true,"href":"https:\/\/www.grupoferrocarril.com\/blog\/wp-json\/wp\/v2\/comments?post=585"}],"version-history":[{"count":0,"href":"https:\/\/www.grupoferrocarril.com\/blog\/wp-json\/wp\/v2\/posts\/585\/revisions"}],"wp:attachment":[{"href":"https:\/\/www.grupoferrocarril.com\/blog\/wp-json\/wp\/v2\/media?parent=585"}],"wp:term":[{"taxonomy":"category","embeddable":true,"href":"https:\/\/www.grupoferrocarril.com\/blog\/wp-json\/wp\/v2\/categories?post=585"},{"taxonomy":"post_tag","embeddable":true,"href":"https:\/\/www.grupoferrocarril.com\/blog\/wp-json\/wp\/v2\/tags?post=585"}],"curies":[{"name":"wp","href":"https:\/\/api.w.org\/{rel}","templated":true}]}}