{"id":5032,"date":"2022-11-09T10:00:31","date_gmt":"2022-11-09T09:00:31","guid":{"rendered":"https:\/\/www.grupoferrocarril.com\/blog\/?p=5032"},"modified":"2022-10-26T16:39:56","modified_gmt":"2022-10-26T14:39:56","slug":"residencial-las-cumbres-de-colmenar","status":"publish","type":"post","link":"https:\/\/www.grupoferrocarril.com\/blog\/residencial-las-cumbres-de-colmenar\/","title":{"rendered":"Residencial Las Cumbres de Colmenar"},"content":{"rendered":"<p style=\"text-align: justify;\">\u00bfEst\u00e1s buscando casa para vivir, para invertir o como segunda residencia cerca de Madrid en un entorno con servicios y buenas vistas desde la terraza? En enero de 2023 comienza la construcci\u00f3n de 110 viviendas con zonas comunes y piscina en <a href=\"https:\/\/www.grupoferrocarril.com\/venta\/madrid\/venta-pisos-obra-nueva-colmenar-viejo\/las-cumbres-de-colmenar\" target=\"_blank\" rel=\"noopener\">Residencial Las Cumbres de Colmenar<\/a>, en Colmenar Viejo.<\/p>\n<p style=\"text-align: justify;\">Es una oportunidad para encontrar el hogar con el que sue\u00f1as y disfrutar del estilo de vida que llevas tiempo deseando.<\/p>\n<p style=\"text-align: justify;\">Residencial Las Cumbres de Colmenar en Colmenar Viejo: envidiable calidad de vida a solo 30 minutos de Madrid.<\/p>\n<div id=\"attachment_5033\" style=\"width: 1034px\" class=\"wp-caption aligncenter\"><img loading=\"lazy\" decoding=\"async\" aria-describedby=\"caption-attachment-5033\" class=\"wp-image-5033 size-large\" title=\"Venta de pisos de obra nueva en Colmenar Viejo\" src=\"https:\/\/www.grupoferrocarril.com\/blog\/wp-content\/uploads\/2022\/10\/venta-pisos-obra-nueva-madrid-sevilla-alicante-259-1024x508.jpg\" alt=\"Venta de pisos de obra nueva en Colmenar Viejo\" width=\"1024\" height=\"508\" srcset=\"https:\/\/www.grupoferrocarril.com\/blog\/wp-content\/uploads\/2022\/10\/venta-pisos-obra-nueva-madrid-sevilla-alicante-259-200x99.jpg 200w, https:\/\/www.grupoferrocarril.com\/blog\/wp-content\/uploads\/2022\/10\/venta-pisos-obra-nueva-madrid-sevilla-alicante-259-300x149.jpg 300w, https:\/\/www.grupoferrocarril.com\/blog\/wp-content\/uploads\/2022\/10\/venta-pisos-obra-nueva-madrid-sevilla-alicante-259-400x198.jpg 400w, https:\/\/www.grupoferrocarril.com\/blog\/wp-content\/uploads\/2022\/10\/venta-pisos-obra-nueva-madrid-sevilla-alicante-259-600x298.jpg 600w, https:\/\/www.grupoferrocarril.com\/blog\/wp-content\/uploads\/2022\/10\/venta-pisos-obra-nueva-madrid-sevilla-alicante-259-768x381.jpg 768w, https:\/\/www.grupoferrocarril.com\/blog\/wp-content\/uploads\/2022\/10\/venta-pisos-obra-nueva-madrid-sevilla-alicante-259-800x397.jpg 800w, https:\/\/www.grupoferrocarril.com\/blog\/wp-content\/uploads\/2022\/10\/venta-pisos-obra-nueva-madrid-sevilla-alicante-259-1024x508.jpg 1024w, https:\/\/www.grupoferrocarril.com\/blog\/wp-content\/uploads\/2022\/10\/venta-pisos-obra-nueva-madrid-sevilla-alicante-259-1200x595.jpg 1200w, https:\/\/www.grupoferrocarril.com\/blog\/wp-content\/uploads\/2022\/10\/venta-pisos-obra-nueva-madrid-sevilla-alicante-259.jpg 1440w\" sizes=\"auto, (max-width: 1024px) 100vw, 1024px\" \/><p id=\"caption-attachment-5033\" class=\"wp-caption-text\">Residencial Las Cumbres de Colmenar<\/p><\/div>\n<h2 style=\"text-align: justify;\">Disfruta del estilo de vida que deseas en el hogar de tus sue\u00f1os<\/h2>\n<ul style=\"text-align: justify;\">\n<li>Dentro del Residencial Las Cumbres de Colmenar puedes disfrutar de la ventaja de usar zonas comunes verdes y piscina.<\/li>\n<li>Vive en un entorno con todos los servicios a solo 5 minutos a pie del centro de Colmenar Viejo, en una zona con centros educativos, tiendas, supermercados, restaurantes con servicio de comida a domicilio, 5 centros comerciales y otros servicios.<\/li>\n<li>Colmenar Viejo es el municipio de m\u00e1s de 20.000 habitantes m\u00e1s seguro de la Comunidad de Madrid seg\u00fan datos del Ministerio de Interior recogidos en el Balance de Criminalidad de Infracciones Penales correspondiente al primer semestre del a\u00f1o 2022.<\/li>\n<li>Residencial con excelentes vistas desde las terrazas y a solo 15 Km de Navacerrada, un espacio natural para disfrutar del deporte y naturaleza todo el a\u00f1o.<\/li>\n<li>Excelentes comunicaciones con Madrid tanto por carretera como por transporte p\u00fablico (autobuses, tren de cercan\u00edas&#8230;).<\/li>\n<li>Disfruta de las ventajas de vivir en un municipio con 32 km de carril bici que unen la poblaci\u00f3n con la sierra de Madrid.<\/li>\n<li>Clima con veranos m\u00e1s frescos que en la capital para el mayor confort de vivir o disfrutar de una segunda residencia en el Residencial Las Cumbres de Colmenar.<\/li>\n<\/ul>\n<h2 style=\"text-align: justify;\">Por qu\u00e9 elegir residencial Las cumbres de Colmenar para vivir<\/h2>\n<p style=\"text-align: justify;\">En poco tiempo podr\u00e1s disfrutar de tu propiedad ya que las obras se inician en enero de 2023.<\/p>\n<p style=\"text-align: justify;\">Diversidad de opciones para encontrar tu hogar con excelente relaci\u00f3n calidad precio.<\/p>\n<p style=\"text-align: justify;\">Encontrar la vivienda que se adapta a tus necesidades, gustos y deseos es muy sencillo. En Residencial Las Cumbres de Colmenar podr\u00e1s elegir entre distintos tipos de vivienda.<\/p>\n<p style=\"text-align: justify;\">Todas las viviendas disponen de garaje y trastero incluidos. As\u00ed podr\u00e1s guardar tus pertenencias y mantener el orden en casa f\u00e1cilmente. Y ganar tiempo porque no tendr\u00e1s que buscar aparcamiento. Adem\u00e1s ganar\u00e1s comodidad aparcando en un garaje seguro para dejar tu veh\u00edculo a resguardo y poder cargar y descargar c\u00f3modamente tus compras, material de acampada o deporte o lo que necesites.<\/p>\n<p style=\"text-align: justify;\">Adquirir una vivienda te da&nbsp; derecho a disfrutar de las zonas ajardinadas y la piscina comunes.<\/p>\n<p style=\"text-align: justify;\">Estas son las opciones entre las que elegir el hogar adecuado para ti con excelente relaci\u00f3n calidad precio desde los 213.500 euros.<\/p>\n<ul>\n<li style=\"text-align: justify;\">Viviendas de 69,9 m2 + terraza de un dormitorio y un ba\u00f1o con una plaza de garaje y trastero.<\/li>\n<li style=\"text-align: justify;\">Viviendas de 2 dormitorios dormitorios, 2 ba\u00f1os, garaje y trastero de 92,59 m2, todas con terraza de distintos tama\u00f1os<\/li>\n<li style=\"text-align: justify;\">Viviendas de 3 dormitorios y tres ba\u00f1os con plaza de garaje y trastero de 134,19 m2 y terraza que puede ser de diferente tama\u00f1o seg\u00fan el caso.<\/li>\n<li style=\"text-align: justify;\">Viviendas de 3 dormitorios y tres ba\u00f1os con 2 plazas de garaje y trastero 135,93 m2 todas con terraza de al menos 9,10 metros.<\/li>\n<li style=\"text-align: justify;\">\u00c1ticos de 173 m2 con 4 dormitorios y 3 ba\u00f1os con dos garajes, trastero y adem\u00e1s amplia terraza de 117,6 m2.<\/li>\n<li style=\"text-align: justify;\">Bajos con jard\u00edn de dos o tres dormitorios y dos o tres ba\u00f1os, con dos plazas de garaje y trastero.<\/li>\n<li style=\"text-align: justify;\">D\u00faplex de distintas dimensiones con amplia terraza, dos garajes y trastero.<\/li>\n<\/ul>\n<p style=\"text-align: justify;\">&nbsp;<\/p>\n<p style=\"text-align: justify;\">Grupo Ferrocarril, promotora de viviendas de obra nueva LIBRES, VPPL y VPPB, dispone de promociones de pisos y chalets de obra nueva en <a href=\"https:\/\/www.grupoferrocarril.com\/venta-pisos-obra-nueva\/madrid\">Madrid<\/a>, <a href=\"https:\/\/www.grupoferrocarril.com\/venta-pisos-obra-nueva\/madrid\/alcala-de-henares\">Alcal\u00e1 de Henares<\/a>, <a href=\"https:\/\/www.grupoferrocarril.com\/venta-pisos-obra-nueva\/madrid\/arroyomolinos\">Arroyomolinos<\/a>, <a href=\"https:\/\/www.grupoferrocarril.com\/venta-pisos-obra-nueva\/madrid\/vallecas\">Ensanche de Vallecas<\/a>, <a href=\"https:\/\/www.grupoferrocarril.com\/venta-pisos-obra-nueva\/madrid\/mostoles\">M\u00f3stoles<\/a>, <a href=\"https:\/\/www.grupoferrocarril.com\/venta-pisos-obra-nueva\/madrid\/torrejon-de-ardoz\">Torrej\u00f3n de Ardoz<\/a>, <a href=\"https:\/\/www.grupoferrocarril.com\/venta-pisos-obra-nueva\/madrid\/villalbilla\">Villalbilla<\/a>, <a href=\"https:\/\/www.grupoferrocarril.com\/venta-pisos-obra-nueva\/alicante\/alicante\">Alicante<\/a>, <a href=\"https:\/\/www.grupoferrocarril.com\/venta-pisos-obra-nueva\/alicante\/altea\">Altea<\/a>, <a href=\"https:\/\/www.grupoferrocarril.com\/venta-pisos-obra-nueva\/alicante\/calpe\">Calpe<\/a>, <a href=\"https:\/\/www.grupoferrocarril.com\/venta-pisos-obra-nueva\/sevilla\">Sevilla<\/a>, <a href=\"https:\/\/www.grupoferrocarril.com\/venta-pisos-obra-nueva\/sevilla\/camas\">Camas<\/a> y<a href=\"https:\/\/www.grupoferrocarril.com\/venta-pisos-obra-nueva\/sevilla\/dos-hermanas\"> Dos Hermanas<\/a>.<\/p>\n<p style=\"text-align: center;\"><em>Con la trayectoria de calidad que nos avala, queremos estar en tu presente, dise\u00f1ando y creando tu futuro hogar, para <\/em><strong>seguir creciendo juntos<\/strong><em>.<\/em><\/p>\n","protected":false},"excerpt":{"rendered":"<p>\u00bfEst\u00e1s buscando casa para vivir, para invertir o como segunda [&hellip;]<\/p>\n","protected":false},"author":4,"featured_media":5034,"comment_status":"open","ping_status":"open","sticky":false,"template":"","format":"standard","meta":{"ngg_post_thumbnail":0,"footnotes":""},"categories":[179],"tags":[267],"class_list":["post-5032","post","type-post","status-publish","format-standard","has-post-thumbnail","hentry","category-promociones","tag-residencial-las-cumbres-de-colmenar"],"yoast_head":"<!-- This site is optimized with the Yoast SEO plugin v27.5 - https:\/\/yoast.com\/product\/yoast-seo-wordpress\/ -->\r\n<title>Residencial Las Cumbres de Colmenar - Grupo Inmobiliario Ferrocarril | Blog<\/title>\r\n<meta name=\"description\" content=\"Las Cumbres de Colmenar es una urbanizaci\u00f3n de 110 viviendas de obra nueva, con 1, 2, 3 y 4 dormitorios, bajos con jard\u00edn, \u00e1ticos y d\u00faplex, con zonas comunes y piscina.\" \/>\r\n<meta name=\"robots\" content=\"index, follow, max-snippet:-1, max-image-preview:large, max-video-preview:-1\" \/>\r\n<link rel=\"canonical\" href=\"https:\/\/www.grupoferrocarril.com\/blog\/residencial-las-cumbres-de-colmenar\/\" \/>\r\n<meta property=\"og:locale\" content=\"es_ES\" \/>\r\n<meta property=\"og:type\" content=\"article\" \/>\r\n<meta property=\"og:title\" content=\"Residencial Las Cumbres de Colmenar - Grupo Inmobiliario Ferrocarril | Blog\" \/>\r\n<meta property=\"og:description\" content=\"Las Cumbres de Colmenar es una urbanizaci\u00f3n de 110 viviendas de obra nueva, con 1, 2, 3 y 4 dormitorios, bajos con jard\u00edn, \u00e1ticos y d\u00faplex, con zonas comunes y piscina.\" \/>\r\n<meta property=\"og:url\" content=\"https:\/\/www.grupoferrocarril.com\/blog\/residencial-las-cumbres-de-colmenar\/\" \/>\r\n<meta property=\"og:site_name\" content=\"Grupo Inmobiliario Ferrocarril | Blog\" \/>\r\n<meta property=\"article:published_time\" content=\"2022-11-09T09:00:31+00:00\" \/>\r\n<meta property=\"og:image\" content=\"https:\/\/www.grupoferrocarril.com\/blog\/wp-content\/uploads\/2022\/10\/venta-pisos-obra-nueva-madrid-sevilla-alicante-260.jpg\" \/>\r\n\t<meta property=\"og:image:width\" content=\"1230\" \/>\r\n\t<meta property=\"og:image:height\" content=\"630\" \/>\r\n\t<meta property=\"og:image:type\" content=\"image\/jpeg\" \/>\r\n<meta name=\"author\" content=\"Grupo Ferrocarril\" \/>\r\n<meta name=\"twitter:card\" content=\"summary_large_image\" \/>\r\n<meta name=\"twitter:label1\" content=\"Escrito por\" \/>\n\t<meta name=\"twitter:data1\" content=\"Grupo Ferrocarril\" \/>\n\t<meta name=\"twitter:label2\" content=\"Tiempo de lectura\" \/>\n\t<meta name=\"twitter:data2\" content=\"4 minutos\" \/>\r\n<script type=\"application\/ld+json\" class=\"yoast-schema-graph\">{\"@context\":\"https:\\\/\\\/schema.org\",\"@graph\":[{\"@type\":\"Article\",\"@id\":\"https:\\\/\\\/www.grupoferrocarril.com\\\/blog\\\/residencial-las-cumbres-de-colmenar\\\/#article\",\"isPartOf\":{\"@id\":\"https:\\\/\\\/www.grupoferrocarril.com\\\/blog\\\/residencial-las-cumbres-de-colmenar\\\/\"},\"author\":{\"name\":\"Grupo Ferrocarril\",\"@id\":\"https:\\\/\\\/www.grupoferrocarril.com\\\/blog\\\/#\\\/schema\\\/person\\\/9c02fc15bd75bbe9322fea01d5b93497\"},\"headline\":\"Residencial Las Cumbres de Colmenar\",\"datePublished\":\"2022-11-09T09:00:31+00:00\",\"mainEntityOfPage\":{\"@id\":\"https:\\\/\\\/www.grupoferrocarril.com\\\/blog\\\/residencial-las-cumbres-de-colmenar\\\/\"},\"wordCount\":699,\"commentCount\":0,\"image\":{\"@id\":\"https:\\\/\\\/www.grupoferrocarril.com\\\/blog\\\/residencial-las-cumbres-de-colmenar\\\/#primaryimage\"},\"thumbnailUrl\":\"https:\\\/\\\/www.grupoferrocarril.com\\\/blog\\\/wp-content\\\/uploads\\\/2022\\\/10\\\/venta-pisos-obra-nueva-madrid-sevilla-alicante-260.jpg\",\"keywords\":[\"Residencial Las Cumbres de Colmenar\"],\"articleSection\":[\"Promociones\"],\"inLanguage\":\"es\",\"potentialAction\":[{\"@type\":\"CommentAction\",\"name\":\"Comment\",\"target\":[\"https:\\\/\\\/www.grupoferrocarril.com\\\/blog\\\/residencial-las-cumbres-de-colmenar\\\/#respond\"]}]},{\"@type\":\"WebPage\",\"@id\":\"https:\\\/\\\/www.grupoferrocarril.com\\\/blog\\\/residencial-las-cumbres-de-colmenar\\\/\",\"url\":\"https:\\\/\\\/www.grupoferrocarril.com\\\/blog\\\/residencial-las-cumbres-de-colmenar\\\/\",\"name\":\"Residencial Las Cumbres de Colmenar - Grupo Inmobiliario Ferrocarril | Blog\",\"isPartOf\":{\"@id\":\"https:\\\/\\\/www.grupoferrocarril.com\\\/blog\\\/#website\"},\"primaryImageOfPage\":{\"@id\":\"https:\\\/\\\/www.grupoferrocarril.com\\\/blog\\\/residencial-las-cumbres-de-colmenar\\\/#primaryimage\"},\"image\":{\"@id\":\"https:\\\/\\\/www.grupoferrocarril.com\\\/blog\\\/residencial-las-cumbres-de-colmenar\\\/#primaryimage\"},\"thumbnailUrl\":\"https:\\\/\\\/www.grupoferrocarril.com\\\/blog\\\/wp-content\\\/uploads\\\/2022\\\/10\\\/venta-pisos-obra-nueva-madrid-sevilla-alicante-260.jpg\",\"datePublished\":\"2022-11-09T09:00:31+00:00\",\"author\":{\"@id\":\"https:\\\/\\\/www.grupoferrocarril.com\\\/blog\\\/#\\\/schema\\\/person\\\/9c02fc15bd75bbe9322fea01d5b93497\"},\"description\":\"Las Cumbres de Colmenar es una urbanizaci\u00f3n de 110 viviendas de obra nueva, con 1, 2, 3 y 4 dormitorios, bajos con jard\u00edn, \u00e1ticos y d\u00faplex, con zonas comunes y piscina.\",\"breadcrumb\":{\"@id\":\"https:\\\/\\\/www.grupoferrocarril.com\\\/blog\\\/residencial-las-cumbres-de-colmenar\\\/#breadcrumb\"},\"inLanguage\":\"es\",\"potentialAction\":[{\"@type\":\"ReadAction\",\"target\":[\"https:\\\/\\\/www.grupoferrocarril.com\\\/blog\\\/residencial-las-cumbres-de-colmenar\\\/\"]}]},{\"@type\":\"ImageObject\",\"inLanguage\":\"es\",\"@id\":\"https:\\\/\\\/www.grupoferrocarril.com\\\/blog\\\/residencial-las-cumbres-de-colmenar\\\/#primaryimage\",\"url\":\"https:\\\/\\\/www.grupoferrocarril.com\\\/blog\\\/wp-content\\\/uploads\\\/2022\\\/10\\\/venta-pisos-obra-nueva-madrid-sevilla-alicante-260.jpg\",\"contentUrl\":\"https:\\\/\\\/www.grupoferrocarril.com\\\/blog\\\/wp-content\\\/uploads\\\/2022\\\/10\\\/venta-pisos-obra-nueva-madrid-sevilla-alicante-260.jpg\",\"width\":1230,\"height\":630,\"caption\":\"Venta de pisos de obra nueva en Madrid, Alicante y Sevilla\"},{\"@type\":\"BreadcrumbList\",\"@id\":\"https:\\\/\\\/www.grupoferrocarril.com\\\/blog\\\/residencial-las-cumbres-de-colmenar\\\/#breadcrumb\",\"itemListElement\":[{\"@type\":\"ListItem\",\"position\":1,\"name\":\"Portada\",\"item\":\"https:\\\/\\\/www.grupoferrocarril.com\\\/blog\\\/\"},{\"@type\":\"ListItem\",\"position\":2,\"name\":\"Residencial Las Cumbres de Colmenar\"}]},{\"@type\":\"WebSite\",\"@id\":\"https:\\\/\\\/www.grupoferrocarril.com\\\/blog\\\/#website\",\"url\":\"https:\\\/\\\/www.grupoferrocarril.com\\\/blog\\\/\",\"name\":\"Grupo Inmobiliario Ferrocarril | Blog\",\"description\":\"Venta de pisos y casas de obra nueva\",\"potentialAction\":[{\"@type\":\"SearchAction\",\"target\":{\"@type\":\"EntryPoint\",\"urlTemplate\":\"https:\\\/\\\/www.grupoferrocarril.com\\\/blog\\\/?s={search_term_string}\"},\"query-input\":{\"@type\":\"PropertyValueSpecification\",\"valueRequired\":true,\"valueName\":\"search_term_string\"}}],\"inLanguage\":\"es\"},{\"@type\":\"Person\",\"@id\":\"https:\\\/\\\/www.grupoferrocarril.com\\\/blog\\\/#\\\/schema\\\/person\\\/9c02fc15bd75bbe9322fea01d5b93497\",\"name\":\"Grupo Ferrocarril\",\"image\":{\"@type\":\"ImageObject\",\"inLanguage\":\"es\",\"@id\":\"https:\\\/\\\/www.grupoferrocarril.com\\\/blog\\\/wp-content\\\/uploads\\\/2019\\\/05\\\/avatar-150x150.jpg\",\"url\":\"https:\\\/\\\/www.grupoferrocarril.com\\\/blog\\\/wp-content\\\/uploads\\\/2019\\\/05\\\/avatar-150x150.jpg\",\"contentUrl\":\"https:\\\/\\\/www.grupoferrocarril.com\\\/blog\\\/wp-content\\\/uploads\\\/2019\\\/05\\\/avatar-150x150.jpg\",\"caption\":\"Grupo Ferrocarril\"},\"url\":\"https:\\\/\\\/www.grupoferrocarril.com\\\/blog\\\/author\\\/ferrocarril\\\/\"}]}<\/script>\r\n<!-- \/ Yoast SEO plugin. -->","yoast_head_json":{"title":"Residencial Las Cumbres de Colmenar - Grupo Inmobiliario Ferrocarril | Blog","description":"Las Cumbres de Colmenar es una urbanizaci\u00f3n de 110 viviendas de obra nueva, con 1, 2, 3 y 4 dormitorios, bajos con jard\u00edn, \u00e1ticos y d\u00faplex, con zonas comunes y piscina.","robots":{"index":"index","follow":"follow","max-snippet":"max-snippet:-1","max-image-preview":"max-image-preview:large","max-video-preview":"max-video-preview:-1"},"canonical":"https:\/\/www.grupoferrocarril.com\/blog\/residencial-las-cumbres-de-colmenar\/","og_locale":"es_ES","og_type":"article","og_title":"Residencial Las Cumbres de Colmenar - Grupo Inmobiliario Ferrocarril | Blog","og_description":"Las Cumbres de Colmenar es una urbanizaci\u00f3n de 110 viviendas de obra nueva, con 1, 2, 3 y 4 dormitorios, bajos con jard\u00edn, \u00e1ticos y d\u00faplex, con zonas comunes y piscina.","og_url":"https:\/\/www.grupoferrocarril.com\/blog\/residencial-las-cumbres-de-colmenar\/","og_site_name":"Grupo Inmobiliario Ferrocarril | Blog","article_published_time":"2022-11-09T09:00:31+00:00","og_image":[{"width":1230,"height":630,"url":"https:\/\/www.grupoferrocarril.com\/blog\/wp-content\/uploads\/2022\/10\/venta-pisos-obra-nueva-madrid-sevilla-alicante-260.jpg","type":"image\/jpeg"}],"author":"Grupo Ferrocarril","twitter_card":"summary_large_image","twitter_misc":{"Escrito por":"Grupo Ferrocarril","Tiempo de lectura":"4 minutos"},"schema":{"@context":"https:\/\/schema.org","@graph":[{"@type":"Article","@id":"https:\/\/www.grupoferrocarril.com\/blog\/residencial-las-cumbres-de-colmenar\/#article","isPartOf":{"@id":"https:\/\/www.grupoferrocarril.com\/blog\/residencial-las-cumbres-de-colmenar\/"},"author":{"name":"Grupo Ferrocarril","@id":"https:\/\/www.grupoferrocarril.com\/blog\/#\/schema\/person\/9c02fc15bd75bbe9322fea01d5b93497"},"headline":"Residencial Las Cumbres de Colmenar","datePublished":"2022-11-09T09:00:31+00:00","mainEntityOfPage":{"@id":"https:\/\/www.grupoferrocarril.com\/blog\/residencial-las-cumbres-de-colmenar\/"},"wordCount":699,"commentCount":0,"image":{"@id":"https:\/\/www.grupoferrocarril.com\/blog\/residencial-las-cumbres-de-colmenar\/#primaryimage"},"thumbnailUrl":"https:\/\/www.grupoferrocarril.com\/blog\/wp-content\/uploads\/2022\/10\/venta-pisos-obra-nueva-madrid-sevilla-alicante-260.jpg","keywords":["Residencial Las Cumbres de Colmenar"],"articleSection":["Promociones"],"inLanguage":"es","potentialAction":[{"@type":"CommentAction","name":"Comment","target":["https:\/\/www.grupoferrocarril.com\/blog\/residencial-las-cumbres-de-colmenar\/#respond"]}]},{"@type":"WebPage","@id":"https:\/\/www.grupoferrocarril.com\/blog\/residencial-las-cumbres-de-colmenar\/","url":"https:\/\/www.grupoferrocarril.com\/blog\/residencial-las-cumbres-de-colmenar\/","name":"Residencial Las Cumbres de Colmenar - Grupo Inmobiliario Ferrocarril | Blog","isPartOf":{"@id":"https:\/\/www.grupoferrocarril.com\/blog\/#website"},"primaryImageOfPage":{"@id":"https:\/\/www.grupoferrocarril.com\/blog\/residencial-las-cumbres-de-colmenar\/#primaryimage"},"image":{"@id":"https:\/\/www.grupoferrocarril.com\/blog\/residencial-las-cumbres-de-colmenar\/#primaryimage"},"thumbnailUrl":"https:\/\/www.grupoferrocarril.com\/blog\/wp-content\/uploads\/2022\/10\/venta-pisos-obra-nueva-madrid-sevilla-alicante-260.jpg","datePublished":"2022-11-09T09:00:31+00:00","author":{"@id":"https:\/\/www.grupoferrocarril.com\/blog\/#\/schema\/person\/9c02fc15bd75bbe9322fea01d5b93497"},"description":"Las Cumbres de Colmenar es una urbanizaci\u00f3n de 110 viviendas de obra nueva, con 1, 2, 3 y 4 dormitorios, bajos con jard\u00edn, \u00e1ticos y d\u00faplex, con zonas comunes y piscina.","breadcrumb":{"@id":"https:\/\/www.grupoferrocarril.com\/blog\/residencial-las-cumbres-de-colmenar\/#breadcrumb"},"inLanguage":"es","potentialAction":[{"@type":"ReadAction","target":["https:\/\/www.grupoferrocarril.com\/blog\/residencial-las-cumbres-de-colmenar\/"]}]},{"@type":"ImageObject","inLanguage":"es","@id":"https:\/\/www.grupoferrocarril.com\/blog\/residencial-las-cumbres-de-colmenar\/#primaryimage","url":"https:\/\/www.grupoferrocarril.com\/blog\/wp-content\/uploads\/2022\/10\/venta-pisos-obra-nueva-madrid-sevilla-alicante-260.jpg","contentUrl":"https:\/\/www.grupoferrocarril.com\/blog\/wp-content\/uploads\/2022\/10\/venta-pisos-obra-nueva-madrid-sevilla-alicante-260.jpg","width":1230,"height":630,"caption":"Venta de pisos de obra nueva en Madrid, Alicante y Sevilla"},{"@type":"BreadcrumbList","@id":"https:\/\/www.grupoferrocarril.com\/blog\/residencial-las-cumbres-de-colmenar\/#breadcrumb","itemListElement":[{"@type":"ListItem","position":1,"name":"Portada","item":"https:\/\/www.grupoferrocarril.com\/blog\/"},{"@type":"ListItem","position":2,"name":"Residencial Las Cumbres de Colmenar"}]},{"@type":"WebSite","@id":"https:\/\/www.grupoferrocarril.com\/blog\/#website","url":"https:\/\/www.grupoferrocarril.com\/blog\/","name":"Grupo Inmobiliario Ferrocarril | Blog","description":"Venta de pisos y casas de obra nueva","potentialAction":[{"@type":"SearchAction","target":{"@type":"EntryPoint","urlTemplate":"https:\/\/www.grupoferrocarril.com\/blog\/?s={search_term_string}"},"query-input":{"@type":"PropertyValueSpecification","valueRequired":true,"valueName":"search_term_string"}}],"inLanguage":"es"},{"@type":"Person","@id":"https:\/\/www.grupoferrocarril.com\/blog\/#\/schema\/person\/9c02fc15bd75bbe9322fea01d5b93497","name":"Grupo Ferrocarril","image":{"@type":"ImageObject","inLanguage":"es","@id":"https:\/\/www.grupoferrocarril.com\/blog\/wp-content\/uploads\/2019\/05\/avatar-150x150.jpg","url":"https:\/\/www.grupoferrocarril.com\/blog\/wp-content\/uploads\/2019\/05\/avatar-150x150.jpg","contentUrl":"https:\/\/www.grupoferrocarril.com\/blog\/wp-content\/uploads\/2019\/05\/avatar-150x150.jpg","caption":"Grupo Ferrocarril"},"url":"https:\/\/www.grupoferrocarril.com\/blog\/author\/ferrocarril\/"}]}},"_links":{"self":[{"href":"https:\/\/www.grupoferrocarril.com\/blog\/wp-json\/wp\/v2\/posts\/5032","targetHints":{"allow":["GET"]}}],"collection":[{"href":"https:\/\/www.grupoferrocarril.com\/blog\/wp-json\/wp\/v2\/posts"}],"about":[{"href":"https:\/\/www.grupoferrocarril.com\/blog\/wp-json\/wp\/v2\/types\/post"}],"author":[{"embeddable":true,"href":"https:\/\/www.grupoferrocarril.com\/blog\/wp-json\/wp\/v2\/users\/4"}],"replies":[{"embeddable":true,"href":"https:\/\/www.grupoferrocarril.com\/blog\/wp-json\/wp\/v2\/comments?post=5032"}],"version-history":[{"count":1,"href":"https:\/\/www.grupoferrocarril.com\/blog\/wp-json\/wp\/v2\/posts\/5032\/revisions"}],"predecessor-version":[{"id":5035,"href":"https:\/\/www.grupoferrocarril.com\/blog\/wp-json\/wp\/v2\/posts\/5032\/revisions\/5035"}],"wp:featuredmedia":[{"embeddable":true,"href":"https:\/\/www.grupoferrocarril.com\/blog\/wp-json\/wp\/v2\/media\/5034"}],"wp:attachment":[{"href":"https:\/\/www.grupoferrocarril.com\/blog\/wp-json\/wp\/v2\/media?parent=5032"}],"wp:term":[{"taxonomy":"category","embeddable":true,"href":"https:\/\/www.grupoferrocarril.com\/blog\/wp-json\/wp\/v2\/categories?post=5032"},{"taxonomy":"post_tag","embeddable":true,"href":"https:\/\/www.grupoferrocarril.com\/blog\/wp-json\/wp\/v2\/tags?post=5032"}],"curies":[{"name":"wp","href":"https:\/\/api.w.org\/{rel}","templated":true}]}}