{"id":4844,"date":"2021-07-07T10:00:27","date_gmt":"2021-07-07T08:00:27","guid":{"rendered":"https:\/\/www.grupoferrocarril.com\/blog\/?p=4844"},"modified":"2021-06-04T16:11:57","modified_gmt":"2021-06-04T14:11:57","slug":"como-cuidar-tu-jardin-en-verano","status":"publish","type":"post","link":"https:\/\/www.grupoferrocarril.com\/blog\/como-cuidar-tu-jardin-en-verano\/","title":{"rendered":"C\u00f3mo cuidar tu jard\u00edn en verano"},"content":{"rendered":"<p style=\"text-align: justify;\">Probablemente el verano sea la mejor \u00e9poca para disfrutar de las viviendas con jard\u00edn. Pero para que luzca en todo su esplendor es necesario realizar algunas peque\u00f1as tareas de cuidado. Si quieres cuidar tu propio jard\u00edn pero no sabes c\u00f3mo hacerlo, te mostramos las m\u00e1s importantes para hacer durante el verano.<\/p>\n<p><img loading=\"lazy\" decoding=\"async\" class=\"aligncenter wp-image-4846 size-full\" src=\"https:\/\/www.grupoferrocarril.com\/blog\/wp-content\/uploads\/2021\/06\/venta-pisos-obra-nueva-madrid-sevilla-alicante-197.jpg\" alt=\"\" width=\"1000\" height=\"667\" srcset=\"https:\/\/www.grupoferrocarril.com\/blog\/wp-content\/uploads\/2021\/06\/venta-pisos-obra-nueva-madrid-sevilla-alicante-197-200x133.jpg 200w, https:\/\/www.grupoferrocarril.com\/blog\/wp-content\/uploads\/2021\/06\/venta-pisos-obra-nueva-madrid-sevilla-alicante-197-300x200.jpg 300w, https:\/\/www.grupoferrocarril.com\/blog\/wp-content\/uploads\/2021\/06\/venta-pisos-obra-nueva-madrid-sevilla-alicante-197-400x267.jpg 400w, https:\/\/www.grupoferrocarril.com\/blog\/wp-content\/uploads\/2021\/06\/venta-pisos-obra-nueva-madrid-sevilla-alicante-197-600x400.jpg 600w, https:\/\/www.grupoferrocarril.com\/blog\/wp-content\/uploads\/2021\/06\/venta-pisos-obra-nueva-madrid-sevilla-alicante-197-768x512.jpg 768w, https:\/\/www.grupoferrocarril.com\/blog\/wp-content\/uploads\/2021\/06\/venta-pisos-obra-nueva-madrid-sevilla-alicante-197-800x534.jpg 800w, https:\/\/www.grupoferrocarril.com\/blog\/wp-content\/uploads\/2021\/06\/venta-pisos-obra-nueva-madrid-sevilla-alicante-197.jpg 1000w\" sizes=\"auto, (max-width: 1000px) 100vw, 1000px\" \/><\/p>\n<h2 style=\"text-align: justify;\"><strong>C\u00f3mo cuidar tu jard\u00edn en verano en 7 tareas sencillas<\/strong><\/h2>\n<h3 style=\"text-align: justify;\"><strong>1.- Riega a diario<\/strong><\/h3>\n<p style=\"text-align: justify;\">Regar es necesario en verano, salvo que solo hayas elegido para tu jard\u00edn plantas crasas y c\u00e9sped artificial. Si no has instalado un sistema de riego autom\u00e1tico, puedes hacerlo con manguera o regadera.<\/p>\n<p style=\"text-align: justify;\">La mejor hora para regar es a primera hora del d\u00eda. As\u00ed luego las plantas soportan mejor el sol y el calor. Adem\u00e1s, es m\u00e1s sostenible. Porque al no evaporarse el agua durante el riego, consumes menos.<\/p>\n<h3 style=\"text-align: justify;\"><strong>2.- A\u00f1ade una capa de mantillo<\/strong><\/h3>\n<p style=\"text-align: justify;\">Para mantener en buenas condiciones el suelo y evitar que se reseque en exceso, a\u00f1ade una capa de mantillo en parterres y otras zonas con plantas. Se mantendr\u00e1 m\u00e1s fresco. Y la humedad no se perder\u00e1 tan r\u00e1pido.<\/p>\n<h3 style=\"text-align: justify;\"><strong>3.- Corta el c\u00e9sped si ha crecido en exceso<\/strong><\/h3>\n<p style=\"text-align: justify;\">Mejor si lo haces a \u00faltima hora de la tarde. As\u00ed el sol y el calor no lo resecar\u00e1n. Incluso puedes no recoger el c\u00e9sped segado. Es un truco para mantener el frescor. Y no afea el jard\u00edn ni entorpece su uso.<\/p>\n<h3 style=\"text-align: justify;\"><strong>4.- Elimina las malas hierbas<\/strong><\/h3>\n<p style=\"text-align: justify;\">La forma m\u00e1s f\u00e1cil, r\u00e1pida y efectiva de eliminar malas hierbas del jard\u00edn en verano es arrancarlas de ra\u00edz cuando las ves. Evitar\u00e1s que se propaguen. Y no tendr\u00e1s que realizar tratamientos espec\u00edficos. Deja estos solo para zonas en las que estas hayan crecido durante la primavera colonizando zonas amplias del jard\u00edn.<\/p>\n<h3 style=\"text-align: justify;\"><strong>5.- Detecta y elimina las plagas<\/strong><\/h3>\n<p style=\"text-align: justify;\">En algunas zonas el verano es la \u00e9poca en la que se multiplican las plagas de jard\u00edn. Identifica si aparecen pulgones o avispas, por ejemplo. As\u00ed podr\u00e1s eliminarlos antes de que se reproduzcan.<\/p>\n<p style=\"text-align: justify;\">Pero ten en cuenta que no todos los peque\u00f1os bichos de jard\u00edn son problem\u00e1ticos. Al contrario, algunos son grandes aliados para cuidar tu jard\u00edn en verano. Por ejemplo, las mariquitas mantienen a raya a los pulgones. Y las lombrices producen y transportan minerales y nutrientes en el subsuelo, mejor\u00e1ndolo, al tiempo que oxigenan la tierra.<\/p>\n<h3 style=\"text-align: justify;\"><strong>6.- Cuida otros elementos del jard\u00edn<\/strong><\/h3>\n<p style=\"text-align: justify;\">Un jard\u00edn no solo tiene plantas. Tambi\u00e9n otros elementos como mangueras, muebles de jard\u00edn o columpios. Para que duren m\u00e1s tiempo, procura que los materiales delicados no est\u00e9n a pleno sol todo el verano. Si dispones de toldos, cenadores o zonas de sombra, aprov\u00e9chalos.&nbsp;<\/p>\n<p style=\"text-align: justify;\">Tambi\u00e9n es buen momento para dar una capa de cera para abrillantar, humectar y nutrir muebles de exterior de madera.<\/p>\n<h3 style=\"text-align: justify;\"><strong>7.- No dejes agua estancada en el jard\u00edn<\/strong><\/h3>\n<p style=\"text-align: justify;\">Evita que en el jard\u00edn haya charcos o cubos con agua que se quede durante d\u00edas estancada y sucia. As\u00ed evitar\u00e1s que se convierta en un lugar al que acudan mosquitos y avispas. Es m\u00e1s efectivo y barato que tener que usar repelentes.<\/p>\n<p>&nbsp;<\/p>\n<p style=\"text-align: justify;\">Grupo Ferrocarril, promotora de viviendas de obra nueva LIBRES, VPPL y VPPB, dispone de promociones de pisos y chalets de obra nueva en <a href=\"https:\/\/www.grupoferrocarril.com\/venta-pisos-obra-nueva\/madrid\">Madrid<\/a>, <a href=\"https:\/\/www.grupoferrocarril.com\/venta-pisos-obra-nueva\/madrid\/alcala-de-henares\">Alcal\u00e1 de Henares<\/a>, <a href=\"https:\/\/www.grupoferrocarril.com\/venta-pisos-obra-nueva\/madrid\/arroyomolinos\">Arroyomolinos<\/a>, <a href=\"https:\/\/www.grupoferrocarril.com\/venta-pisos-obra-nueva\/madrid\/vallecas\">Ensanche de Vallecas<\/a>, <a href=\"https:\/\/www.grupoferrocarril.com\/venta-pisos-obra-nueva\/madrid\/mostoles\">M\u00f3stoles<\/a>, <a href=\"https:\/\/www.grupoferrocarril.com\/venta-pisos-obra-nueva\/madrid\/torrejon-de-ardoz\">Torrej\u00f3n de Ardoz<\/a>, <a href=\"https:\/\/www.grupoferrocarril.com\/venta-pisos-obra-nueva\/madrid\/villalbilla\">Villalbilla<\/a>, <a href=\"https:\/\/www.grupoferrocarril.com\/venta-pisos-obra-nueva\/alicante\/alicante\">Alicante<\/a>, <a href=\"https:\/\/www.grupoferrocarril.com\/venta-pisos-obra-nueva\/alicante\/altea\">Altea<\/a>, <a href=\"https:\/\/www.grupoferrocarril.com\/venta-pisos-obra-nueva\/alicante\/calpe\">Calpe<\/a>, <a href=\"https:\/\/www.grupoferrocarril.com\/venta-pisos-obra-nueva\/sevilla\">Sevilla<\/a>, <a href=\"https:\/\/www.grupoferrocarril.com\/venta-pisos-obra-nueva\/sevilla\/camas\">Camas<\/a> y<a href=\"https:\/\/www.grupoferrocarril.com\/venta-pisos-obra-nueva\/sevilla\/dos-hermanas\"> Dos Hermanas<\/a>.<\/p>\n<p style=\"text-align: center;\"><em>Con la trayectoria de calidad que nos avala, queremos estar en tu presente, dise\u00f1ando y creando tu futuro hogar, para <\/em><strong>seguir creciendo juntos<\/strong><em>.<\/em><\/p>\n","protected":false},"excerpt":{"rendered":"<p>Probablemente el verano sea la mejor \u00e9poca para disfrutar de [&hellip;]<\/p>\n","protected":false},"author":4,"featured_media":4845,"comment_status":"open","ping_status":"open","sticky":false,"template":"","format":"standard","meta":{"ngg_post_thumbnail":0,"footnotes":""},"categories":[222],"tags":[242],"class_list":["post-4844","post","type-post","status-publish","format-standard","has-post-thumbnail","hentry","category-consejos","tag-jardin"],"yoast_head":"<!-- This site is optimized with the Yoast SEO plugin v27.5 - https:\/\/yoast.com\/product\/yoast-seo-wordpress\/ -->\r\n<title>C\u00f3mo cuidar tu jard\u00edn en verano - Grupo Inmobiliario Ferrocarril | Blog<\/title>\r\n<meta name=\"description\" content=\"Si quieres cuidar tu propio jard\u00edn pero no sabes c\u00f3mo hacerlo, te mostramos las m\u00e1s importantes para hacer durante el verano.\" \/>\r\n<meta name=\"robots\" content=\"index, follow, max-snippet:-1, max-image-preview:large, max-video-preview:-1\" \/>\r\n<link rel=\"canonical\" href=\"https:\/\/www.grupoferrocarril.com\/blog\/como-cuidar-tu-jardin-en-verano\/\" \/>\r\n<meta property=\"og:locale\" content=\"es_ES\" \/>\r\n<meta property=\"og:type\" content=\"article\" \/>\r\n<meta property=\"og:title\" content=\"C\u00f3mo cuidar tu jard\u00edn en verano - Grupo Inmobiliario Ferrocarril | Blog\" \/>\r\n<meta property=\"og:description\" content=\"Si quieres cuidar tu propio jard\u00edn pero no sabes c\u00f3mo hacerlo, te mostramos las m\u00e1s importantes para hacer durante el verano.\" \/>\r\n<meta property=\"og:url\" content=\"https:\/\/www.grupoferrocarril.com\/blog\/como-cuidar-tu-jardin-en-verano\/\" \/>\r\n<meta property=\"og:site_name\" content=\"Grupo Inmobiliario Ferrocarril | Blog\" \/>\r\n<meta property=\"article:published_time\" content=\"2021-07-07T08:00:27+00:00\" \/>\r\n<meta property=\"og:image\" content=\"https:\/\/www.grupoferrocarril.com\/blog\/wp-content\/uploads\/2021\/06\/venta-pisos-obra-nueva-madrid-sevilla-alicante-198.jpg\" \/>\r\n\t<meta property=\"og:image:width\" content=\"900\" \/>\r\n\t<meta property=\"og:image:height\" content=\"473\" \/>\r\n\t<meta property=\"og:image:type\" content=\"image\/jpeg\" \/>\r\n<meta name=\"author\" content=\"Grupo Ferrocarril\" \/>\r\n<meta name=\"twitter:card\" content=\"summary_large_image\" \/>\r\n<meta name=\"twitter:label1\" content=\"Escrito por\" \/>\n\t<meta name=\"twitter:data1\" content=\"Grupo Ferrocarril\" \/>\n\t<meta name=\"twitter:label2\" content=\"Tiempo de lectura\" \/>\n\t<meta name=\"twitter:data2\" content=\"3 minutos\" \/>\r\n<script type=\"application\/ld+json\" class=\"yoast-schema-graph\">{\"@context\":\"https:\\\/\\\/schema.org\",\"@graph\":[{\"@type\":\"Article\",\"@id\":\"https:\\\/\\\/www.grupoferrocarril.com\\\/blog\\\/como-cuidar-tu-jardin-en-verano\\\/#article\",\"isPartOf\":{\"@id\":\"https:\\\/\\\/www.grupoferrocarril.com\\\/blog\\\/como-cuidar-tu-jardin-en-verano\\\/\"},\"author\":{\"name\":\"Grupo Ferrocarril\",\"@id\":\"https:\\\/\\\/www.grupoferrocarril.com\\\/blog\\\/#\\\/schema\\\/person\\\/9c02fc15bd75bbe9322fea01d5b93497\"},\"headline\":\"C\u00f3mo cuidar tu jard\u00edn en verano\",\"datePublished\":\"2021-07-07T08:00:27+00:00\",\"mainEntityOfPage\":{\"@id\":\"https:\\\/\\\/www.grupoferrocarril.com\\\/blog\\\/como-cuidar-tu-jardin-en-verano\\\/\"},\"wordCount\":631,\"commentCount\":0,\"image\":{\"@id\":\"https:\\\/\\\/www.grupoferrocarril.com\\\/blog\\\/como-cuidar-tu-jardin-en-verano\\\/#primaryimage\"},\"thumbnailUrl\":\"https:\\\/\\\/www.grupoferrocarril.com\\\/blog\\\/wp-content\\\/uploads\\\/2021\\\/06\\\/venta-pisos-obra-nueva-madrid-sevilla-alicante-198.jpg\",\"keywords\":[\"jard\u00edn\"],\"articleSection\":[\"Consejos\"],\"inLanguage\":\"es\",\"potentialAction\":[{\"@type\":\"CommentAction\",\"name\":\"Comment\",\"target\":[\"https:\\\/\\\/www.grupoferrocarril.com\\\/blog\\\/como-cuidar-tu-jardin-en-verano\\\/#respond\"]}]},{\"@type\":\"WebPage\",\"@id\":\"https:\\\/\\\/www.grupoferrocarril.com\\\/blog\\\/como-cuidar-tu-jardin-en-verano\\\/\",\"url\":\"https:\\\/\\\/www.grupoferrocarril.com\\\/blog\\\/como-cuidar-tu-jardin-en-verano\\\/\",\"name\":\"C\u00f3mo cuidar tu jard\u00edn en verano - Grupo Inmobiliario Ferrocarril | Blog\",\"isPartOf\":{\"@id\":\"https:\\\/\\\/www.grupoferrocarril.com\\\/blog\\\/#website\"},\"primaryImageOfPage\":{\"@id\":\"https:\\\/\\\/www.grupoferrocarril.com\\\/blog\\\/como-cuidar-tu-jardin-en-verano\\\/#primaryimage\"},\"image\":{\"@id\":\"https:\\\/\\\/www.grupoferrocarril.com\\\/blog\\\/como-cuidar-tu-jardin-en-verano\\\/#primaryimage\"},\"thumbnailUrl\":\"https:\\\/\\\/www.grupoferrocarril.com\\\/blog\\\/wp-content\\\/uploads\\\/2021\\\/06\\\/venta-pisos-obra-nueva-madrid-sevilla-alicante-198.jpg\",\"datePublished\":\"2021-07-07T08:00:27+00:00\",\"author\":{\"@id\":\"https:\\\/\\\/www.grupoferrocarril.com\\\/blog\\\/#\\\/schema\\\/person\\\/9c02fc15bd75bbe9322fea01d5b93497\"},\"description\":\"Si quieres cuidar tu propio jard\u00edn pero no sabes c\u00f3mo hacerlo, te mostramos las m\u00e1s importantes para hacer durante el verano.\",\"breadcrumb\":{\"@id\":\"https:\\\/\\\/www.grupoferrocarril.com\\\/blog\\\/como-cuidar-tu-jardin-en-verano\\\/#breadcrumb\"},\"inLanguage\":\"es\",\"potentialAction\":[{\"@type\":\"ReadAction\",\"target\":[\"https:\\\/\\\/www.grupoferrocarril.com\\\/blog\\\/como-cuidar-tu-jardin-en-verano\\\/\"]}]},{\"@type\":\"ImageObject\",\"inLanguage\":\"es\",\"@id\":\"https:\\\/\\\/www.grupoferrocarril.com\\\/blog\\\/como-cuidar-tu-jardin-en-verano\\\/#primaryimage\",\"url\":\"https:\\\/\\\/www.grupoferrocarril.com\\\/blog\\\/wp-content\\\/uploads\\\/2021\\\/06\\\/venta-pisos-obra-nueva-madrid-sevilla-alicante-198.jpg\",\"contentUrl\":\"https:\\\/\\\/www.grupoferrocarril.com\\\/blog\\\/wp-content\\\/uploads\\\/2021\\\/06\\\/venta-pisos-obra-nueva-madrid-sevilla-alicante-198.jpg\",\"width\":900,\"height\":473,\"caption\":\"Venta de pisos de obra nueva en Madrid, Alicante y Sevilla\"},{\"@type\":\"BreadcrumbList\",\"@id\":\"https:\\\/\\\/www.grupoferrocarril.com\\\/blog\\\/como-cuidar-tu-jardin-en-verano\\\/#breadcrumb\",\"itemListElement\":[{\"@type\":\"ListItem\",\"position\":1,\"name\":\"Portada\",\"item\":\"https:\\\/\\\/www.grupoferrocarril.com\\\/blog\\\/\"},{\"@type\":\"ListItem\",\"position\":2,\"name\":\"C\u00f3mo cuidar tu jard\u00edn en verano\"}]},{\"@type\":\"WebSite\",\"@id\":\"https:\\\/\\\/www.grupoferrocarril.com\\\/blog\\\/#website\",\"url\":\"https:\\\/\\\/www.grupoferrocarril.com\\\/blog\\\/\",\"name\":\"Grupo Inmobiliario Ferrocarril | Blog\",\"description\":\"Venta de pisos y casas de obra nueva\",\"potentialAction\":[{\"@type\":\"SearchAction\",\"target\":{\"@type\":\"EntryPoint\",\"urlTemplate\":\"https:\\\/\\\/www.grupoferrocarril.com\\\/blog\\\/?s={search_term_string}\"},\"query-input\":{\"@type\":\"PropertyValueSpecification\",\"valueRequired\":true,\"valueName\":\"search_term_string\"}}],\"inLanguage\":\"es\"},{\"@type\":\"Person\",\"@id\":\"https:\\\/\\\/www.grupoferrocarril.com\\\/blog\\\/#\\\/schema\\\/person\\\/9c02fc15bd75bbe9322fea01d5b93497\",\"name\":\"Grupo Ferrocarril\",\"image\":{\"@type\":\"ImageObject\",\"inLanguage\":\"es\",\"@id\":\"https:\\\/\\\/www.grupoferrocarril.com\\\/blog\\\/wp-content\\\/uploads\\\/2019\\\/05\\\/avatar-150x150.jpg\",\"url\":\"https:\\\/\\\/www.grupoferrocarril.com\\\/blog\\\/wp-content\\\/uploads\\\/2019\\\/05\\\/avatar-150x150.jpg\",\"contentUrl\":\"https:\\\/\\\/www.grupoferrocarril.com\\\/blog\\\/wp-content\\\/uploads\\\/2019\\\/05\\\/avatar-150x150.jpg\",\"caption\":\"Grupo Ferrocarril\"},\"url\":\"https:\\\/\\\/www.grupoferrocarril.com\\\/blog\\\/author\\\/ferrocarril\\\/\"}]}<\/script>\r\n<!-- \/ Yoast SEO plugin. -->","yoast_head_json":{"title":"C\u00f3mo cuidar tu jard\u00edn en verano - Grupo Inmobiliario Ferrocarril | Blog","description":"Si quieres cuidar tu propio jard\u00edn pero no sabes c\u00f3mo hacerlo, te mostramos las m\u00e1s importantes para hacer durante el verano.","robots":{"index":"index","follow":"follow","max-snippet":"max-snippet:-1","max-image-preview":"max-image-preview:large","max-video-preview":"max-video-preview:-1"},"canonical":"https:\/\/www.grupoferrocarril.com\/blog\/como-cuidar-tu-jardin-en-verano\/","og_locale":"es_ES","og_type":"article","og_title":"C\u00f3mo cuidar tu jard\u00edn en verano - Grupo Inmobiliario Ferrocarril | Blog","og_description":"Si quieres cuidar tu propio jard\u00edn pero no sabes c\u00f3mo hacerlo, te mostramos las m\u00e1s importantes para hacer durante el verano.","og_url":"https:\/\/www.grupoferrocarril.com\/blog\/como-cuidar-tu-jardin-en-verano\/","og_site_name":"Grupo Inmobiliario Ferrocarril | Blog","article_published_time":"2021-07-07T08:00:27+00:00","og_image":[{"width":900,"height":473,"url":"https:\/\/www.grupoferrocarril.com\/blog\/wp-content\/uploads\/2021\/06\/venta-pisos-obra-nueva-madrid-sevilla-alicante-198.jpg","type":"image\/jpeg"}],"author":"Grupo Ferrocarril","twitter_card":"summary_large_image","twitter_misc":{"Escrito por":"Grupo Ferrocarril","Tiempo de lectura":"3 minutos"},"schema":{"@context":"https:\/\/schema.org","@graph":[{"@type":"Article","@id":"https:\/\/www.grupoferrocarril.com\/blog\/como-cuidar-tu-jardin-en-verano\/#article","isPartOf":{"@id":"https:\/\/www.grupoferrocarril.com\/blog\/como-cuidar-tu-jardin-en-verano\/"},"author":{"name":"Grupo Ferrocarril","@id":"https:\/\/www.grupoferrocarril.com\/blog\/#\/schema\/person\/9c02fc15bd75bbe9322fea01d5b93497"},"headline":"C\u00f3mo cuidar tu jard\u00edn en verano","datePublished":"2021-07-07T08:00:27+00:00","mainEntityOfPage":{"@id":"https:\/\/www.grupoferrocarril.com\/blog\/como-cuidar-tu-jardin-en-verano\/"},"wordCount":631,"commentCount":0,"image":{"@id":"https:\/\/www.grupoferrocarril.com\/blog\/como-cuidar-tu-jardin-en-verano\/#primaryimage"},"thumbnailUrl":"https:\/\/www.grupoferrocarril.com\/blog\/wp-content\/uploads\/2021\/06\/venta-pisos-obra-nueva-madrid-sevilla-alicante-198.jpg","keywords":["jard\u00edn"],"articleSection":["Consejos"],"inLanguage":"es","potentialAction":[{"@type":"CommentAction","name":"Comment","target":["https:\/\/www.grupoferrocarril.com\/blog\/como-cuidar-tu-jardin-en-verano\/#respond"]}]},{"@type":"WebPage","@id":"https:\/\/www.grupoferrocarril.com\/blog\/como-cuidar-tu-jardin-en-verano\/","url":"https:\/\/www.grupoferrocarril.com\/blog\/como-cuidar-tu-jardin-en-verano\/","name":"C\u00f3mo cuidar tu jard\u00edn en verano - Grupo Inmobiliario Ferrocarril | Blog","isPartOf":{"@id":"https:\/\/www.grupoferrocarril.com\/blog\/#website"},"primaryImageOfPage":{"@id":"https:\/\/www.grupoferrocarril.com\/blog\/como-cuidar-tu-jardin-en-verano\/#primaryimage"},"image":{"@id":"https:\/\/www.grupoferrocarril.com\/blog\/como-cuidar-tu-jardin-en-verano\/#primaryimage"},"thumbnailUrl":"https:\/\/www.grupoferrocarril.com\/blog\/wp-content\/uploads\/2021\/06\/venta-pisos-obra-nueva-madrid-sevilla-alicante-198.jpg","datePublished":"2021-07-07T08:00:27+00:00","author":{"@id":"https:\/\/www.grupoferrocarril.com\/blog\/#\/schema\/person\/9c02fc15bd75bbe9322fea01d5b93497"},"description":"Si quieres cuidar tu propio jard\u00edn pero no sabes c\u00f3mo hacerlo, te mostramos las m\u00e1s importantes para hacer durante el verano.","breadcrumb":{"@id":"https:\/\/www.grupoferrocarril.com\/blog\/como-cuidar-tu-jardin-en-verano\/#breadcrumb"},"inLanguage":"es","potentialAction":[{"@type":"ReadAction","target":["https:\/\/www.grupoferrocarril.com\/blog\/como-cuidar-tu-jardin-en-verano\/"]}]},{"@type":"ImageObject","inLanguage":"es","@id":"https:\/\/www.grupoferrocarril.com\/blog\/como-cuidar-tu-jardin-en-verano\/#primaryimage","url":"https:\/\/www.grupoferrocarril.com\/blog\/wp-content\/uploads\/2021\/06\/venta-pisos-obra-nueva-madrid-sevilla-alicante-198.jpg","contentUrl":"https:\/\/www.grupoferrocarril.com\/blog\/wp-content\/uploads\/2021\/06\/venta-pisos-obra-nueva-madrid-sevilla-alicante-198.jpg","width":900,"height":473,"caption":"Venta de pisos de obra nueva en Madrid, Alicante y Sevilla"},{"@type":"BreadcrumbList","@id":"https:\/\/www.grupoferrocarril.com\/blog\/como-cuidar-tu-jardin-en-verano\/#breadcrumb","itemListElement":[{"@type":"ListItem","position":1,"name":"Portada","item":"https:\/\/www.grupoferrocarril.com\/blog\/"},{"@type":"ListItem","position":2,"name":"C\u00f3mo cuidar tu jard\u00edn en verano"}]},{"@type":"WebSite","@id":"https:\/\/www.grupoferrocarril.com\/blog\/#website","url":"https:\/\/www.grupoferrocarril.com\/blog\/","name":"Grupo Inmobiliario Ferrocarril | Blog","description":"Venta de pisos y casas de obra nueva","potentialAction":[{"@type":"SearchAction","target":{"@type":"EntryPoint","urlTemplate":"https:\/\/www.grupoferrocarril.com\/blog\/?s={search_term_string}"},"query-input":{"@type":"PropertyValueSpecification","valueRequired":true,"valueName":"search_term_string"}}],"inLanguage":"es"},{"@type":"Person","@id":"https:\/\/www.grupoferrocarril.com\/blog\/#\/schema\/person\/9c02fc15bd75bbe9322fea01d5b93497","name":"Grupo Ferrocarril","image":{"@type":"ImageObject","inLanguage":"es","@id":"https:\/\/www.grupoferrocarril.com\/blog\/wp-content\/uploads\/2019\/05\/avatar-150x150.jpg","url":"https:\/\/www.grupoferrocarril.com\/blog\/wp-content\/uploads\/2019\/05\/avatar-150x150.jpg","contentUrl":"https:\/\/www.grupoferrocarril.com\/blog\/wp-content\/uploads\/2019\/05\/avatar-150x150.jpg","caption":"Grupo Ferrocarril"},"url":"https:\/\/www.grupoferrocarril.com\/blog\/author\/ferrocarril\/"}]}},"_links":{"self":[{"href":"https:\/\/www.grupoferrocarril.com\/blog\/wp-json\/wp\/v2\/posts\/4844","targetHints":{"allow":["GET"]}}],"collection":[{"href":"https:\/\/www.grupoferrocarril.com\/blog\/wp-json\/wp\/v2\/posts"}],"about":[{"href":"https:\/\/www.grupoferrocarril.com\/blog\/wp-json\/wp\/v2\/types\/post"}],"author":[{"embeddable":true,"href":"https:\/\/www.grupoferrocarril.com\/blog\/wp-json\/wp\/v2\/users\/4"}],"replies":[{"embeddable":true,"href":"https:\/\/www.grupoferrocarril.com\/blog\/wp-json\/wp\/v2\/comments?post=4844"}],"version-history":[{"count":1,"href":"https:\/\/www.grupoferrocarril.com\/blog\/wp-json\/wp\/v2\/posts\/4844\/revisions"}],"predecessor-version":[{"id":4847,"href":"https:\/\/www.grupoferrocarril.com\/blog\/wp-json\/wp\/v2\/posts\/4844\/revisions\/4847"}],"wp:featuredmedia":[{"embeddable":true,"href":"https:\/\/www.grupoferrocarril.com\/blog\/wp-json\/wp\/v2\/media\/4845"}],"wp:attachment":[{"href":"https:\/\/www.grupoferrocarril.com\/blog\/wp-json\/wp\/v2\/media?parent=4844"}],"wp:term":[{"taxonomy":"category","embeddable":true,"href":"https:\/\/www.grupoferrocarril.com\/blog\/wp-json\/wp\/v2\/categories?post=4844"},{"taxonomy":"post_tag","embeddable":true,"href":"https:\/\/www.grupoferrocarril.com\/blog\/wp-json\/wp\/v2\/tags?post=4844"}],"curies":[{"name":"wp","href":"https:\/\/api.w.org\/{rel}","templated":true}]}}