{"id":4648,"date":"2020-08-26T10:00:30","date_gmt":"2020-08-26T08:00:30","guid":{"rendered":"https:\/\/www.grupoferrocarril.com\/blog\/?p=4648"},"modified":"2020-08-12T15:11:17","modified_gmt":"2020-08-12T13:11:17","slug":"las-torres-de-gran-via-pisos-obra-nueva-alicante","status":"publish","type":"post","link":"https:\/\/www.grupoferrocarril.com\/blog\/las-torres-de-gran-via-pisos-obra-nueva-alicante\/","title":{"rendered":"Las Torres de Gran V\u00eda: Ser feliz nunca fue tan f\u00e1cil"},"content":{"rendered":"<p>Con Grupo Ferrocarril, promotora inmobiliaria de <a href=\"https:\/\/www.grupoferrocarril.com\/venta-pisos-obra-nueva\">pisos y chalets de obra nueva, vppl y vppb en Madrid, Alicante y Sevilla<\/a>, ser feliz nunca fue tan f\u00e1cil: Las Torres de Gran V\u00eda.<\/p>\n<h2 data-fontsize=\"18\" data-lineheight=\"27\"><strong>Las Torres de Gran V\u00eda: La urbanizaci\u00f3n<\/strong><\/h2>\n<p>Es un edificio a estrenar en Alicante que consta de 56 viviendas tanto en planta como \u00e1ticos, de 3 y 4 dormitorios, todas ellas con terraza. Los \u00e1ticos cuentan con un sol\u00e1rium de 80 y 88 m2 y unas espectaculares vistas.<\/p>\n<p><img loading=\"lazy\" decoding=\"async\" class=\"aligncenter wp-image-4649 size-large\" src=\"https:\/\/www.grupoferrocarril.com\/blog\/wp-content\/uploads\/2020\/06\/venta-pisos-obra-nueva-alicante-23-1024x683.jpg\" alt=\"\" width=\"1024\" height=\"683\" srcset=\"https:\/\/www.grupoferrocarril.com\/blog\/wp-content\/uploads\/2020\/06\/venta-pisos-obra-nueva-alicante-23-200x133.jpg 200w, https:\/\/www.grupoferrocarril.com\/blog\/wp-content\/uploads\/2020\/06\/venta-pisos-obra-nueva-alicante-23-300x200.jpg 300w, https:\/\/www.grupoferrocarril.com\/blog\/wp-content\/uploads\/2020\/06\/venta-pisos-obra-nueva-alicante-23-400x267.jpg 400w, https:\/\/www.grupoferrocarril.com\/blog\/wp-content\/uploads\/2020\/06\/venta-pisos-obra-nueva-alicante-23-600x400.jpg 600w, https:\/\/www.grupoferrocarril.com\/blog\/wp-content\/uploads\/2020\/06\/venta-pisos-obra-nueva-alicante-23-768x512.jpg 768w, https:\/\/www.grupoferrocarril.com\/blog\/wp-content\/uploads\/2020\/06\/venta-pisos-obra-nueva-alicante-23-800x533.jpg 800w, https:\/\/www.grupoferrocarril.com\/blog\/wp-content\/uploads\/2020\/06\/venta-pisos-obra-nueva-alicante-23-1024x683.jpg 1024w, https:\/\/www.grupoferrocarril.com\/blog\/wp-content\/uploads\/2020\/06\/venta-pisos-obra-nueva-alicante-23-1200x800.jpg 1200w, https:\/\/www.grupoferrocarril.com\/blog\/wp-content\/uploads\/2020\/06\/venta-pisos-obra-nueva-alicante-23.jpg 1500w\" sizes=\"auto, (max-width: 1024px) 100vw, 1024px\" \/><\/p>\n<h2 data-fontsize=\"18\" data-lineheight=\"27\"><strong>Las Torres de Gran V\u00eda<\/strong><strong>:<\/strong><strong> Las viviendas<\/strong><\/h2>\n<p style=\"text-align: justify;\">Todas las viviendas cuentan con primeras calidades, destacando la fachada ventilada, dos ascensores, suelos de m\u00e1rmol, climatizaci\u00f3n fr\u00edo-calor por conductos, armarios empotrados forrados interiormente, cocina equipadas con electrodom\u00e9sticos, piscina y zona infantil. Plaza de garaje incluida en el precio.<\/p>\n<div id=\"attachment_4650\" style=\"width: 494px\" class=\"wp-caption aligncenter\"><img loading=\"lazy\" decoding=\"async\" aria-describedby=\"caption-attachment-4650\" class=\"wp-image-4650 size-full\" src=\"https:\/\/www.grupoferrocarril.com\/blog\/wp-content\/uploads\/2020\/06\/venta-pisos-obra-nueva-madrid-sevilla-alicante-143.jpg\" alt=\"\" width=\"484\" height=\"513\" srcset=\"https:\/\/www.grupoferrocarril.com\/blog\/wp-content\/uploads\/2020\/06\/venta-pisos-obra-nueva-madrid-sevilla-alicante-143-200x212.jpg 200w, https:\/\/www.grupoferrocarril.com\/blog\/wp-content\/uploads\/2020\/06\/venta-pisos-obra-nueva-madrid-sevilla-alicante-143-283x300.jpg 283w, https:\/\/www.grupoferrocarril.com\/blog\/wp-content\/uploads\/2020\/06\/venta-pisos-obra-nueva-madrid-sevilla-alicante-143-400x424.jpg 400w, https:\/\/www.grupoferrocarril.com\/blog\/wp-content\/uploads\/2020\/06\/venta-pisos-obra-nueva-madrid-sevilla-alicante-143.jpg 484w\" sizes=\"auto, (max-width: 484px) 100vw, 484px\" \/><p id=\"caption-attachment-4650\" class=\"wp-caption-text\">VIVIENDA TIPO A \u00b7 PLANTA 1-6<\/p><\/div>\n<p>&nbsp;<\/p>\n<div id=\"attachment_4651\" style=\"width: 495px\" class=\"wp-caption aligncenter\"><img loading=\"lazy\" decoding=\"async\" aria-describedby=\"caption-attachment-4651\" class=\"wp-image-4651 size-full\" src=\"https:\/\/www.grupoferrocarril.com\/blog\/wp-content\/uploads\/2020\/06\/venta-pisos-obra-nueva-madrid-sevilla-alicante-144.jpg\" alt=\"\" width=\"485\" height=\"531\" srcset=\"https:\/\/www.grupoferrocarril.com\/blog\/wp-content\/uploads\/2020\/06\/venta-pisos-obra-nueva-madrid-sevilla-alicante-144-200x219.jpg 200w, https:\/\/www.grupoferrocarril.com\/blog\/wp-content\/uploads\/2020\/06\/venta-pisos-obra-nueva-madrid-sevilla-alicante-144-274x300.jpg 274w, https:\/\/www.grupoferrocarril.com\/blog\/wp-content\/uploads\/2020\/06\/venta-pisos-obra-nueva-madrid-sevilla-alicante-144-400x438.jpg 400w, https:\/\/www.grupoferrocarril.com\/blog\/wp-content\/uploads\/2020\/06\/venta-pisos-obra-nueva-madrid-sevilla-alicante-144.jpg 485w\" sizes=\"auto, (max-width: 485px) 100vw, 485px\" \/><p id=\"caption-attachment-4651\" class=\"wp-caption-text\">VIVIENDA TIPO B \u00b7 PLANTA 1-6<\/p><\/div>\n<p>&nbsp;<\/p>\n<div id=\"attachment_4652\" style=\"width: 474px\" class=\"wp-caption aligncenter\"><img loading=\"lazy\" decoding=\"async\" aria-describedby=\"caption-attachment-4652\" class=\"wp-image-4652 size-full\" src=\"https:\/\/www.grupoferrocarril.com\/blog\/wp-content\/uploads\/2020\/06\/venta-pisos-obra-nueva-madrid-sevilla-alicante-145.jpg\" alt=\"\" width=\"464\" height=\"515\" srcset=\"https:\/\/www.grupoferrocarril.com\/blog\/wp-content\/uploads\/2020\/06\/venta-pisos-obra-nueva-madrid-sevilla-alicante-145-200x222.jpg 200w, https:\/\/www.grupoferrocarril.com\/blog\/wp-content\/uploads\/2020\/06\/venta-pisos-obra-nueva-madrid-sevilla-alicante-145-270x300.jpg 270w, https:\/\/www.grupoferrocarril.com\/blog\/wp-content\/uploads\/2020\/06\/venta-pisos-obra-nueva-madrid-sevilla-alicante-145-400x444.jpg 400w, https:\/\/www.grupoferrocarril.com\/blog\/wp-content\/uploads\/2020\/06\/venta-pisos-obra-nueva-madrid-sevilla-alicante-145.jpg 464w\" sizes=\"auto, (max-width: 464px) 100vw, 464px\" \/><p id=\"caption-attachment-4652\" class=\"wp-caption-text\">VIVIENDA TIPO C \u00b7 PLANTA 1-6<\/p><\/div>\n<p>&nbsp;<\/p>\n<div id=\"attachment_4653\" style=\"width: 472px\" class=\"wp-caption aligncenter\"><img loading=\"lazy\" decoding=\"async\" aria-describedby=\"caption-attachment-4653\" class=\"wp-image-4653 size-full\" src=\"https:\/\/www.grupoferrocarril.com\/blog\/wp-content\/uploads\/2020\/06\/venta-pisos-obra-nueva-madrid-sevilla-alicante-146.jpg\" alt=\"\" width=\"462\" height=\"488\" srcset=\"https:\/\/www.grupoferrocarril.com\/blog\/wp-content\/uploads\/2020\/06\/venta-pisos-obra-nueva-madrid-sevilla-alicante-146-200x211.jpg 200w, https:\/\/www.grupoferrocarril.com\/blog\/wp-content\/uploads\/2020\/06\/venta-pisos-obra-nueva-madrid-sevilla-alicante-146-284x300.jpg 284w, https:\/\/www.grupoferrocarril.com\/blog\/wp-content\/uploads\/2020\/06\/venta-pisos-obra-nueva-madrid-sevilla-alicante-146-400x423.jpg 400w, https:\/\/www.grupoferrocarril.com\/blog\/wp-content\/uploads\/2020\/06\/venta-pisos-obra-nueva-madrid-sevilla-alicante-146.jpg 462w\" sizes=\"auto, (max-width: 462px) 100vw, 462px\" \/><p id=\"caption-attachment-4653\" class=\"wp-caption-text\">VIVIENDA TIPO D \u00b7 PLANTA 1-6<\/p><\/div>\n<p>&nbsp;<\/p>\n<div id=\"attachment_4654\" style=\"width: 351px\" class=\"wp-caption aligncenter\"><img loading=\"lazy\" decoding=\"async\" aria-describedby=\"caption-attachment-4654\" class=\"wp-image-4654 size-full\" src=\"https:\/\/www.grupoferrocarril.com\/blog\/wp-content\/uploads\/2020\/06\/venta-pisos-obra-nueva-madrid-sevilla-alicante-147.jpg\" alt=\"\" width=\"341\" height=\"523\" srcset=\"https:\/\/www.grupoferrocarril.com\/blog\/wp-content\/uploads\/2020\/06\/venta-pisos-obra-nueva-madrid-sevilla-alicante-147-196x300.jpg 196w, https:\/\/www.grupoferrocarril.com\/blog\/wp-content\/uploads\/2020\/06\/venta-pisos-obra-nueva-madrid-sevilla-alicante-147-200x307.jpg 200w, https:\/\/www.grupoferrocarril.com\/blog\/wp-content\/uploads\/2020\/06\/venta-pisos-obra-nueva-madrid-sevilla-alicante-147.jpg 341w\" sizes=\"auto, (max-width: 341px) 100vw, 341px\" \/><p id=\"caption-attachment-4654\" class=\"wp-caption-text\">VIVIENDA TIPO A \u00b7 PLANTA 7<\/p><\/div>\n<p>&nbsp;<\/p>\n<div id=\"attachment_4655\" style=\"width: 331px\" class=\"wp-caption aligncenter\"><img loading=\"lazy\" decoding=\"async\" aria-describedby=\"caption-attachment-4655\" class=\"wp-image-4655 size-full\" src=\"https:\/\/www.grupoferrocarril.com\/blog\/wp-content\/uploads\/2020\/06\/venta-pisos-obra-nueva-madrid-sevilla-alicante-148.jpg\" alt=\"\" width=\"321\" height=\"513\" srcset=\"https:\/\/www.grupoferrocarril.com\/blog\/wp-content\/uploads\/2020\/06\/venta-pisos-obra-nueva-madrid-sevilla-alicante-148-188x300.jpg 188w, https:\/\/www.grupoferrocarril.com\/blog\/wp-content\/uploads\/2020\/06\/venta-pisos-obra-nueva-madrid-sevilla-alicante-148-200x320.jpg 200w, https:\/\/www.grupoferrocarril.com\/blog\/wp-content\/uploads\/2020\/06\/venta-pisos-obra-nueva-madrid-sevilla-alicante-148.jpg 321w\" sizes=\"auto, (max-width: 321px) 100vw, 321px\" \/><p id=\"caption-attachment-4655\" class=\"wp-caption-text\">VIVIENDA TIPO B \u00b7 PLANTA<\/p><\/div>\n<p>&nbsp;<\/p>\n<div id=\"attachment_4656\" style=\"width: 330px\" class=\"wp-caption aligncenter\"><img loading=\"lazy\" decoding=\"async\" aria-describedby=\"caption-attachment-4656\" class=\"wp-image-4656 size-full\" src=\"https:\/\/www.grupoferrocarril.com\/blog\/wp-content\/uploads\/2020\/06\/venta-pisos-obra-nueva-madrid-sevilla-alicante-149.jpg\" alt=\"\" width=\"320\" height=\"497\" srcset=\"https:\/\/www.grupoferrocarril.com\/blog\/wp-content\/uploads\/2020\/06\/venta-pisos-obra-nueva-madrid-sevilla-alicante-149-193x300.jpg 193w, https:\/\/www.grupoferrocarril.com\/blog\/wp-content\/uploads\/2020\/06\/venta-pisos-obra-nueva-madrid-sevilla-alicante-149-200x311.jpg 200w, https:\/\/www.grupoferrocarril.com\/blog\/wp-content\/uploads\/2020\/06\/venta-pisos-obra-nueva-madrid-sevilla-alicante-149.jpg 320w\" sizes=\"auto, (max-width: 320px) 100vw, 320px\" \/><p id=\"caption-attachment-4656\" class=\"wp-caption-text\">VIVIENDA TIPO C \u00b7 PLANTA 7<\/p><\/div>\n<p>&nbsp;<\/p>\n<p>&nbsp;<\/p>\n<div id=\"attachment_4657\" style=\"width: 310px\" class=\"wp-caption aligncenter\"><img loading=\"lazy\" decoding=\"async\" aria-describedby=\"caption-attachment-4657\" class=\"wp-image-4657 size-full\" src=\"https:\/\/www.grupoferrocarril.com\/blog\/wp-content\/uploads\/2020\/06\/venta-pisos-obra-nueva-madrid-sevilla-alicante-150.jpg\" alt=\"\" width=\"300\" height=\"512\" srcset=\"https:\/\/www.grupoferrocarril.com\/blog\/wp-content\/uploads\/2020\/06\/venta-pisos-obra-nueva-madrid-sevilla-alicante-150-176x300.jpg 176w, https:\/\/www.grupoferrocarril.com\/blog\/wp-content\/uploads\/2020\/06\/venta-pisos-obra-nueva-madrid-sevilla-alicante-150-200x341.jpg 200w, https:\/\/www.grupoferrocarril.com\/blog\/wp-content\/uploads\/2020\/06\/venta-pisos-obra-nueva-madrid-sevilla-alicante-150.jpg 300w\" sizes=\"auto, (max-width: 300px) 100vw, 300px\" \/><p id=\"caption-attachment-4657\" class=\"wp-caption-text\">VIVIENDA TIPO D \u00b7 PLANTA 7<\/p><\/div>\n<p>&nbsp;<\/p>\n<p style=\"text-align: center;\"><strong>Galer\u00eda Fotogr\u00e1fica<\/strong><\/p>\n<div class=\"mceItem mceNonEditable nggPlaceholder\"\n         id=\"1597237868216\"\n         data-shortcode=\"ngg src=&quot;galleries&quot; ids=&quot;5&quot; display=&quot;basic_thumbnail&quot; thumbnail_crop=&quot;0&quot;\"\n         data-mce-resize=\"false\"\n         data-mce-placeholder=\"1\"\n         contenteditable=\"false\"><\/p>\n<h3>Galer\u00eda NextGEN<\/h3>\n<div class=\"nggPlaceholderButton nggIgwEdit\">\n        \tEditar\n        <\/div>\n<div class=\"nggPlaceholderButton nggIgwRemove\">\n        \tBorrar\n        <\/div>\n<\/p><\/div>\n<p><center><iframe loading=\"lazy\" src=\"https:\/\/www.youtube.com\/embed\/M8UhCIGgfVQ\" allowfullscreen=\"allowfullscreen\" width=\"560\" height=\"315\" frameborder=\"0\"><\/iframe><\/center><\/p>\n<h2 data-fontsize=\"18\" data-lineheight=\"27\"><strong>Las Terrazas de Camas<\/strong><strong>: <\/strong> <strong>Memoria de calidades<\/strong><\/h2>\n<ul>\n<li>ESTRUCTURA: Hormig\u00f3n armado y forjado reticular, calculada seg\u00fan normativa t\u00e9cnica vigente.<\/li>\n<li>FACHADA VENTILADA: Exterior aplacado de piedra Bateig diamante, combinada con paneles de Alucobond.F\u00e1brica de ladrillo panal, c\u00e1mara de aire de 5 cm y tabique interior hueco doble de 7 cm, con aislamiento t\u00e9rmico ac\u00fastico proyectado de poliuretano.Barandillas met\u00e1licas de acero pintado, con vidrio laminar 4+4 mm con l\u00e1mina interna de buti.<\/li>\n<li>CARPINTER\u00cdA EXTERIOR: Carpinter\u00eda de aluminio lacado en grafito.Persianas de aluminio color grafito a juego con carpinter\u00eda.Doble acristalamiento con c\u00e1mara de aire, tipo Climalit.<\/li>\n<li>INSTALACIONES VARIAS: Videoportero autom\u00e1tico.Instalaci\u00f3n completa de aire acondicionado fr\u00edo-calor, mediante bomba de calor.Termo el\u00e9ctrico en Tendedero.Pintura lisa blanco suave en toda la casa.Antena colectiva con amplificadores para televisi\u00f3n digital terrestre.Tomas de telefon\u00eda y televisi\u00f3n en sal\u00f3n, cocina y dormitorio principal, y auxiliar en el resto.Piscina con zonas para ni\u00f1osPlanta di\u00e1fana de uso comunitarioGarajes con acceso directo a viviendasDos ascensores por portal de 6 personas de capacidad.Terraza solarium integrada a viviendas de \u00faltima planta, con punto de agua y luz.<\/li>\n<li>TABIQUER\u00cdA: Distribuci\u00f3n interior con tabiquer\u00eda de ladrillo hueco doble de 7 cm de gran formato.<\/li>\n<li>CARPINTER\u00cdA INTERIOR: Puerta de entrada de roble de 3 puntos.Puertas de paso de roble lisas, con herrajes cromados.Armarios empotrados con puertas correderas chapadas en roble, forrados interiormente.<\/li>\n<li>PAVIMENTOS: M\u00e1rmol crema marfil en toda la vivienda, excepto en cocina.Gres antideslizante color gris en terrazas y lavadero.<\/li>\n<li>COCINAS: Azulejo blanco de SALONI modelo S\u00edntesis Brillo con listelo de acero en paredes.Muebles altos y bajos modelo Cloe de Arredo 3.Electrodom\u00e9sticos: Encimera vitrocer\u00e1mica, horno y campana decorativa.Encimera de superficie de cuarzo blanco, tipo Silestone.Fregadero de Roca modelo CuadraPavimento azulejo de Saloni modelo Evoke gris.<\/li>\n<li>BA\u00d1OS: Ba\u00f1o principal en azulejo de SALONI serie PicnicBa\u00f1o secundario en azulejo de SALONI serie Optima blanco, con doble listelo \u00d3palo naranja.Sanitarios en blanco de Roca, serie Dama Senso CompactoGrifer\u00eda monomando Roca modelo Targa<\/li>\n<\/ul>\n<p>&nbsp;<\/p>\n<p>Grupo Ferrocarril, promotora de viviendas de obra nueva LIBRES, VPPL y VPPB, dispone de promociones de pisos y chalets de obra nueva en <a href=\"https:\/\/www.grupoferrocarril.com\/venta-pisos-obra-nueva\/madrid\" target=\"_blank\" rel=\"noopener noreferrer\">Madrid<\/a>, <a href=\"https:\/\/www.grupoferrocarril.com\/venta-pisos-obra-nueva\/madrid\/alcala-de-henares\" target=\"_blank\" rel=\"noopener noreferrer\">Alcal\u00e1 de Henares<\/a>, <a href=\"https:\/\/www.grupoferrocarril.com\/venta-pisos-obra-nueva\/madrid\/arroyomolinos\" target=\"_blank\" rel=\"noopener noreferrer\">Arroyomolinos<\/a>, <a href=\"https:\/\/www.grupoferrocarril.com\/venta-pisos-obra-nueva\/madrid\/vallecas\" target=\"_blank\" rel=\"noopener noreferrer\">Ensanche de Vallecas<\/a>, <a href=\"https:\/\/www.grupoferrocarril.com\/venta-pisos-obra-nueva\/madrid\/mostoles\" target=\"_blank\" rel=\"noopener noreferrer\">M\u00f3stoles<\/a>, <a href=\"https:\/\/www.grupoferrocarril.com\/venta-pisos-obra-nueva\/madrid\/torrejon-de-ardoz\" target=\"_blank\" rel=\"noopener noreferrer\">Torrej\u00f3n de Ardoz<\/a>, <a href=\"https:\/\/www.grupoferrocarril.com\/venta-pisos-obra-nueva\/madrid\/villalbilla\" target=\"_blank\" rel=\"noopener noreferrer\">Villalbilla<\/a>, <a href=\"https:\/\/www.grupoferrocarril.com\/venta-pisos-obra-nueva\/alicante\/alicante\" target=\"_blank\" rel=\"noopener noreferrer\">Alicante<\/a>, <a href=\"https:\/\/www.grupoferrocarril.com\/venta-pisos-obra-nueva\/alicante\/altea\" target=\"_blank\" rel=\"noopener noreferrer\">Altea<\/a>, <a href=\"https:\/\/www.grupoferrocarril.com\/venta-pisos-obra-nueva\/alicante\/calpe\" target=\"_blank\" rel=\"noopener noreferrer\">Calpe<\/a>, <a href=\"https:\/\/www.grupoferrocarril.com\/venta-pisos-obra-nueva\/sevilla\" target=\"_blank\" rel=\"noopener noreferrer\">Sevilla<\/a>, <a href=\"https:\/\/www.grupoferrocarril.com\/venta-pisos-obra-nueva\/sevilla\/camas\" target=\"_blank\" rel=\"noopener noreferrer\">Camas<\/a> y<a href=\"https:\/\/www.grupoferrocarril.com\/venta-pisos-obra-nueva\/sevilla\/dos-hermanas\" target=\"_blank\" rel=\"noopener noreferrer\"> Dos Hermanas<\/a>.<\/p>\n<p style=\"text-align: center;\"><em>Con la trayectoria de calidad que nos avala, queremos estar en tu presente, dise\u00f1ando y creando tu futuro hogar, para <strong>seguir creciendo juntos<\/strong>.<\/em><\/p>\n","protected":false},"excerpt":{"rendered":"<p>Con Grupo Ferrocarril, promotora inmobiliaria de pisos y chalets de [&hellip;]<\/p>\n","protected":false},"author":4,"featured_media":4658,"comment_status":"open","ping_status":"open","sticky":false,"template":"","format":"standard","meta":{"ngg_post_thumbnail":0,"footnotes":""},"categories":[179],"tags":[195,215],"class_list":["post-4648","post","type-post","status-publish","format-standard","has-post-thumbnail","hentry","category-promociones","tag-alicante","tag-las-torres-de-gran-via"],"yoast_head":"<!-- This site is optimized with the Yoast SEO plugin v27.5 - https:\/\/yoast.com\/product\/yoast-seo-wordpress\/ -->\r\n<title>Las Torres de Gran V\u00eda: Ser feliz nunca fue tan f\u00e1cil - Grupo Inmobiliario Ferrocarril | Blog<\/title>\r\n<meta name=\"description\" content=\"Las Torres de Gran V\u00eda: Edificio a estrenar de pisos de obra nueva en Alicante. \u00c1ticos con un sol\u00e1rium de 80 y 88 m2 y unas espectaculares vistas. \u00a1Inf\u00f3rmate!\" \/>\r\n<meta name=\"robots\" content=\"index, follow, max-snippet:-1, max-image-preview:large, max-video-preview:-1\" \/>\r\n<link rel=\"canonical\" href=\"https:\/\/www.grupoferrocarril.com\/blog\/las-torres-de-gran-via-pisos-obra-nueva-alicante\/\" \/>\r\n<meta property=\"og:locale\" content=\"es_ES\" \/>\r\n<meta property=\"og:type\" content=\"article\" \/>\r\n<meta property=\"og:title\" content=\"Las Torres de Gran V\u00eda: Ser feliz nunca fue tan f\u00e1cil - Grupo Inmobiliario Ferrocarril | Blog\" \/>\r\n<meta property=\"og:description\" content=\"Las Torres de Gran V\u00eda: Edificio a estrenar de pisos de obra nueva en Alicante. \u00c1ticos con un sol\u00e1rium de 80 y 88 m2 y unas espectaculares vistas. \u00a1Inf\u00f3rmate!\" \/>\r\n<meta property=\"og:url\" content=\"https:\/\/www.grupoferrocarril.com\/blog\/las-torres-de-gran-via-pisos-obra-nueva-alicante\/\" \/>\r\n<meta property=\"og:site_name\" content=\"Grupo Inmobiliario Ferrocarril | Blog\" \/>\r\n<meta property=\"article:published_time\" content=\"2020-08-26T08:00:30+00:00\" \/>\r\n<meta property=\"og:image\" content=\"https:\/\/www.grupoferrocarril.com\/blog\/wp-content\/uploads\/2020\/06\/venta-pisos-obra-nueva-madrid-sevilla-alicante-151.jpg\" \/>\r\n\t<meta property=\"og:image:width\" content=\"1230\" \/>\r\n\t<meta property=\"og:image:height\" content=\"630\" \/>\r\n\t<meta property=\"og:image:type\" content=\"image\/jpeg\" \/>\r\n<meta name=\"author\" content=\"Grupo Ferrocarril\" \/>\r\n<meta name=\"twitter:card\" content=\"summary_large_image\" \/>\r\n<meta name=\"twitter:label1\" content=\"Escrito por\" \/>\n\t<meta name=\"twitter:data1\" content=\"Grupo Ferrocarril\" \/>\n\t<meta name=\"twitter:label2\" content=\"Tiempo de lectura\" \/>\n\t<meta name=\"twitter:data2\" content=\"3 minutos\" \/>\r\n<script type=\"application\/ld+json\" class=\"yoast-schema-graph\">{\"@context\":\"https:\\\/\\\/schema.org\",\"@graph\":[{\"@type\":\"Article\",\"@id\":\"https:\\\/\\\/www.grupoferrocarril.com\\\/blog\\\/las-torres-de-gran-via-pisos-obra-nueva-alicante\\\/#article\",\"isPartOf\":{\"@id\":\"https:\\\/\\\/www.grupoferrocarril.com\\\/blog\\\/las-torres-de-gran-via-pisos-obra-nueva-alicante\\\/\"},\"author\":{\"name\":\"Grupo Ferrocarril\",\"@id\":\"https:\\\/\\\/www.grupoferrocarril.com\\\/blog\\\/#\\\/schema\\\/person\\\/9c02fc15bd75bbe9322fea01d5b93497\"},\"headline\":\"Las Torres de Gran V\u00eda: Ser feliz nunca fue tan f\u00e1cil\",\"datePublished\":\"2020-08-26T08:00:30+00:00\",\"mainEntityOfPage\":{\"@id\":\"https:\\\/\\\/www.grupoferrocarril.com\\\/blog\\\/las-torres-de-gran-via-pisos-obra-nueva-alicante\\\/\"},\"wordCount\":681,\"commentCount\":0,\"image\":{\"@id\":\"https:\\\/\\\/www.grupoferrocarril.com\\\/blog\\\/las-torres-de-gran-via-pisos-obra-nueva-alicante\\\/#primaryimage\"},\"thumbnailUrl\":\"https:\\\/\\\/www.grupoferrocarril.com\\\/blog\\\/wp-content\\\/uploads\\\/2020\\\/06\\\/venta-pisos-obra-nueva-madrid-sevilla-alicante-151.jpg\",\"keywords\":[\"Alicante\",\"Las Torres de Gran V\u00eda\"],\"articleSection\":[\"Promociones\"],\"inLanguage\":\"es\",\"potentialAction\":[{\"@type\":\"CommentAction\",\"name\":\"Comment\",\"target\":[\"https:\\\/\\\/www.grupoferrocarril.com\\\/blog\\\/las-torres-de-gran-via-pisos-obra-nueva-alicante\\\/#respond\"]}]},{\"@type\":\"WebPage\",\"@id\":\"https:\\\/\\\/www.grupoferrocarril.com\\\/blog\\\/las-torres-de-gran-via-pisos-obra-nueva-alicante\\\/\",\"url\":\"https:\\\/\\\/www.grupoferrocarril.com\\\/blog\\\/las-torres-de-gran-via-pisos-obra-nueva-alicante\\\/\",\"name\":\"Las Torres de Gran V\u00eda: Ser feliz nunca fue tan f\u00e1cil - Grupo Inmobiliario Ferrocarril | Blog\",\"isPartOf\":{\"@id\":\"https:\\\/\\\/www.grupoferrocarril.com\\\/blog\\\/#website\"},\"primaryImageOfPage\":{\"@id\":\"https:\\\/\\\/www.grupoferrocarril.com\\\/blog\\\/las-torres-de-gran-via-pisos-obra-nueva-alicante\\\/#primaryimage\"},\"image\":{\"@id\":\"https:\\\/\\\/www.grupoferrocarril.com\\\/blog\\\/las-torres-de-gran-via-pisos-obra-nueva-alicante\\\/#primaryimage\"},\"thumbnailUrl\":\"https:\\\/\\\/www.grupoferrocarril.com\\\/blog\\\/wp-content\\\/uploads\\\/2020\\\/06\\\/venta-pisos-obra-nueva-madrid-sevilla-alicante-151.jpg\",\"datePublished\":\"2020-08-26T08:00:30+00:00\",\"author\":{\"@id\":\"https:\\\/\\\/www.grupoferrocarril.com\\\/blog\\\/#\\\/schema\\\/person\\\/9c02fc15bd75bbe9322fea01d5b93497\"},\"description\":\"Las Torres de Gran V\u00eda: Edificio a estrenar de pisos de obra nueva en Alicante. \u00c1ticos con un sol\u00e1rium de 80 y 88 m2 y unas espectaculares vistas. \u00a1Inf\u00f3rmate!\",\"breadcrumb\":{\"@id\":\"https:\\\/\\\/www.grupoferrocarril.com\\\/blog\\\/las-torres-de-gran-via-pisos-obra-nueva-alicante\\\/#breadcrumb\"},\"inLanguage\":\"es\",\"potentialAction\":[{\"@type\":\"ReadAction\",\"target\":[\"https:\\\/\\\/www.grupoferrocarril.com\\\/blog\\\/las-torres-de-gran-via-pisos-obra-nueva-alicante\\\/\"]}]},{\"@type\":\"ImageObject\",\"inLanguage\":\"es\",\"@id\":\"https:\\\/\\\/www.grupoferrocarril.com\\\/blog\\\/las-torres-de-gran-via-pisos-obra-nueva-alicante\\\/#primaryimage\",\"url\":\"https:\\\/\\\/www.grupoferrocarril.com\\\/blog\\\/wp-content\\\/uploads\\\/2020\\\/06\\\/venta-pisos-obra-nueva-madrid-sevilla-alicante-151.jpg\",\"contentUrl\":\"https:\\\/\\\/www.grupoferrocarril.com\\\/blog\\\/wp-content\\\/uploads\\\/2020\\\/06\\\/venta-pisos-obra-nueva-madrid-sevilla-alicante-151.jpg\",\"width\":1230,\"height\":630,\"caption\":\"venta de pisos en Alicante\"},{\"@type\":\"BreadcrumbList\",\"@id\":\"https:\\\/\\\/www.grupoferrocarril.com\\\/blog\\\/las-torres-de-gran-via-pisos-obra-nueva-alicante\\\/#breadcrumb\",\"itemListElement\":[{\"@type\":\"ListItem\",\"position\":1,\"name\":\"Portada\",\"item\":\"https:\\\/\\\/www.grupoferrocarril.com\\\/blog\\\/\"},{\"@type\":\"ListItem\",\"position\":2,\"name\":\"Las Torres de Gran V\u00eda: Ser feliz nunca fue tan f\u00e1cil\"}]},{\"@type\":\"WebSite\",\"@id\":\"https:\\\/\\\/www.grupoferrocarril.com\\\/blog\\\/#website\",\"url\":\"https:\\\/\\\/www.grupoferrocarril.com\\\/blog\\\/\",\"name\":\"Grupo Inmobiliario Ferrocarril | Blog\",\"description\":\"Venta de pisos y casas de obra nueva\",\"potentialAction\":[{\"@type\":\"SearchAction\",\"target\":{\"@type\":\"EntryPoint\",\"urlTemplate\":\"https:\\\/\\\/www.grupoferrocarril.com\\\/blog\\\/?s={search_term_string}\"},\"query-input\":{\"@type\":\"PropertyValueSpecification\",\"valueRequired\":true,\"valueName\":\"search_term_string\"}}],\"inLanguage\":\"es\"},{\"@type\":\"Person\",\"@id\":\"https:\\\/\\\/www.grupoferrocarril.com\\\/blog\\\/#\\\/schema\\\/person\\\/9c02fc15bd75bbe9322fea01d5b93497\",\"name\":\"Grupo Ferrocarril\",\"image\":{\"@type\":\"ImageObject\",\"inLanguage\":\"es\",\"@id\":\"https:\\\/\\\/www.grupoferrocarril.com\\\/blog\\\/wp-content\\\/uploads\\\/2019\\\/05\\\/avatar-150x150.jpg\",\"url\":\"https:\\\/\\\/www.grupoferrocarril.com\\\/blog\\\/wp-content\\\/uploads\\\/2019\\\/05\\\/avatar-150x150.jpg\",\"contentUrl\":\"https:\\\/\\\/www.grupoferrocarril.com\\\/blog\\\/wp-content\\\/uploads\\\/2019\\\/05\\\/avatar-150x150.jpg\",\"caption\":\"Grupo Ferrocarril\"},\"url\":\"https:\\\/\\\/www.grupoferrocarril.com\\\/blog\\\/author\\\/ferrocarril\\\/\"}]}<\/script>\r\n<!-- \/ Yoast SEO plugin. -->","yoast_head_json":{"title":"Las Torres de Gran V\u00eda: Ser feliz nunca fue tan f\u00e1cil - Grupo Inmobiliario Ferrocarril | Blog","description":"Las Torres de Gran V\u00eda: Edificio a estrenar de pisos de obra nueva en Alicante. \u00c1ticos con un sol\u00e1rium de 80 y 88 m2 y unas espectaculares vistas. \u00a1Inf\u00f3rmate!","robots":{"index":"index","follow":"follow","max-snippet":"max-snippet:-1","max-image-preview":"max-image-preview:large","max-video-preview":"max-video-preview:-1"},"canonical":"https:\/\/www.grupoferrocarril.com\/blog\/las-torres-de-gran-via-pisos-obra-nueva-alicante\/","og_locale":"es_ES","og_type":"article","og_title":"Las Torres de Gran V\u00eda: Ser feliz nunca fue tan f\u00e1cil - Grupo Inmobiliario Ferrocarril | Blog","og_description":"Las Torres de Gran V\u00eda: Edificio a estrenar de pisos de obra nueva en Alicante. \u00c1ticos con un sol\u00e1rium de 80 y 88 m2 y unas espectaculares vistas. \u00a1Inf\u00f3rmate!","og_url":"https:\/\/www.grupoferrocarril.com\/blog\/las-torres-de-gran-via-pisos-obra-nueva-alicante\/","og_site_name":"Grupo Inmobiliario Ferrocarril | Blog","article_published_time":"2020-08-26T08:00:30+00:00","og_image":[{"width":1230,"height":630,"url":"https:\/\/www.grupoferrocarril.com\/blog\/wp-content\/uploads\/2020\/06\/venta-pisos-obra-nueva-madrid-sevilla-alicante-151.jpg","type":"image\/jpeg"}],"author":"Grupo Ferrocarril","twitter_card":"summary_large_image","twitter_misc":{"Escrito por":"Grupo Ferrocarril","Tiempo de lectura":"3 minutos"},"schema":{"@context":"https:\/\/schema.org","@graph":[{"@type":"Article","@id":"https:\/\/www.grupoferrocarril.com\/blog\/las-torres-de-gran-via-pisos-obra-nueva-alicante\/#article","isPartOf":{"@id":"https:\/\/www.grupoferrocarril.com\/blog\/las-torres-de-gran-via-pisos-obra-nueva-alicante\/"},"author":{"name":"Grupo Ferrocarril","@id":"https:\/\/www.grupoferrocarril.com\/blog\/#\/schema\/person\/9c02fc15bd75bbe9322fea01d5b93497"},"headline":"Las Torres de Gran V\u00eda: Ser feliz nunca fue tan f\u00e1cil","datePublished":"2020-08-26T08:00:30+00:00","mainEntityOfPage":{"@id":"https:\/\/www.grupoferrocarril.com\/blog\/las-torres-de-gran-via-pisos-obra-nueva-alicante\/"},"wordCount":681,"commentCount":0,"image":{"@id":"https:\/\/www.grupoferrocarril.com\/blog\/las-torres-de-gran-via-pisos-obra-nueva-alicante\/#primaryimage"},"thumbnailUrl":"https:\/\/www.grupoferrocarril.com\/blog\/wp-content\/uploads\/2020\/06\/venta-pisos-obra-nueva-madrid-sevilla-alicante-151.jpg","keywords":["Alicante","Las Torres de Gran V\u00eda"],"articleSection":["Promociones"],"inLanguage":"es","potentialAction":[{"@type":"CommentAction","name":"Comment","target":["https:\/\/www.grupoferrocarril.com\/blog\/las-torres-de-gran-via-pisos-obra-nueva-alicante\/#respond"]}]},{"@type":"WebPage","@id":"https:\/\/www.grupoferrocarril.com\/blog\/las-torres-de-gran-via-pisos-obra-nueva-alicante\/","url":"https:\/\/www.grupoferrocarril.com\/blog\/las-torres-de-gran-via-pisos-obra-nueva-alicante\/","name":"Las Torres de Gran V\u00eda: Ser feliz nunca fue tan f\u00e1cil - Grupo Inmobiliario Ferrocarril | Blog","isPartOf":{"@id":"https:\/\/www.grupoferrocarril.com\/blog\/#website"},"primaryImageOfPage":{"@id":"https:\/\/www.grupoferrocarril.com\/blog\/las-torres-de-gran-via-pisos-obra-nueva-alicante\/#primaryimage"},"image":{"@id":"https:\/\/www.grupoferrocarril.com\/blog\/las-torres-de-gran-via-pisos-obra-nueva-alicante\/#primaryimage"},"thumbnailUrl":"https:\/\/www.grupoferrocarril.com\/blog\/wp-content\/uploads\/2020\/06\/venta-pisos-obra-nueva-madrid-sevilla-alicante-151.jpg","datePublished":"2020-08-26T08:00:30+00:00","author":{"@id":"https:\/\/www.grupoferrocarril.com\/blog\/#\/schema\/person\/9c02fc15bd75bbe9322fea01d5b93497"},"description":"Las Torres de Gran V\u00eda: Edificio a estrenar de pisos de obra nueva en Alicante. \u00c1ticos con un sol\u00e1rium de 80 y 88 m2 y unas espectaculares vistas. \u00a1Inf\u00f3rmate!","breadcrumb":{"@id":"https:\/\/www.grupoferrocarril.com\/blog\/las-torres-de-gran-via-pisos-obra-nueva-alicante\/#breadcrumb"},"inLanguage":"es","potentialAction":[{"@type":"ReadAction","target":["https:\/\/www.grupoferrocarril.com\/blog\/las-torres-de-gran-via-pisos-obra-nueva-alicante\/"]}]},{"@type":"ImageObject","inLanguage":"es","@id":"https:\/\/www.grupoferrocarril.com\/blog\/las-torres-de-gran-via-pisos-obra-nueva-alicante\/#primaryimage","url":"https:\/\/www.grupoferrocarril.com\/blog\/wp-content\/uploads\/2020\/06\/venta-pisos-obra-nueva-madrid-sevilla-alicante-151.jpg","contentUrl":"https:\/\/www.grupoferrocarril.com\/blog\/wp-content\/uploads\/2020\/06\/venta-pisos-obra-nueva-madrid-sevilla-alicante-151.jpg","width":1230,"height":630,"caption":"venta de pisos en Alicante"},{"@type":"BreadcrumbList","@id":"https:\/\/www.grupoferrocarril.com\/blog\/las-torres-de-gran-via-pisos-obra-nueva-alicante\/#breadcrumb","itemListElement":[{"@type":"ListItem","position":1,"name":"Portada","item":"https:\/\/www.grupoferrocarril.com\/blog\/"},{"@type":"ListItem","position":2,"name":"Las Torres de Gran V\u00eda: Ser feliz nunca fue tan f\u00e1cil"}]},{"@type":"WebSite","@id":"https:\/\/www.grupoferrocarril.com\/blog\/#website","url":"https:\/\/www.grupoferrocarril.com\/blog\/","name":"Grupo Inmobiliario Ferrocarril | Blog","description":"Venta de pisos y casas de obra nueva","potentialAction":[{"@type":"SearchAction","target":{"@type":"EntryPoint","urlTemplate":"https:\/\/www.grupoferrocarril.com\/blog\/?s={search_term_string}"},"query-input":{"@type":"PropertyValueSpecification","valueRequired":true,"valueName":"search_term_string"}}],"inLanguage":"es"},{"@type":"Person","@id":"https:\/\/www.grupoferrocarril.com\/blog\/#\/schema\/person\/9c02fc15bd75bbe9322fea01d5b93497","name":"Grupo Ferrocarril","image":{"@type":"ImageObject","inLanguage":"es","@id":"https:\/\/www.grupoferrocarril.com\/blog\/wp-content\/uploads\/2019\/05\/avatar-150x150.jpg","url":"https:\/\/www.grupoferrocarril.com\/blog\/wp-content\/uploads\/2019\/05\/avatar-150x150.jpg","contentUrl":"https:\/\/www.grupoferrocarril.com\/blog\/wp-content\/uploads\/2019\/05\/avatar-150x150.jpg","caption":"Grupo Ferrocarril"},"url":"https:\/\/www.grupoferrocarril.com\/blog\/author\/ferrocarril\/"}]}},"_links":{"self":[{"href":"https:\/\/www.grupoferrocarril.com\/blog\/wp-json\/wp\/v2\/posts\/4648","targetHints":{"allow":["GET"]}}],"collection":[{"href":"https:\/\/www.grupoferrocarril.com\/blog\/wp-json\/wp\/v2\/posts"}],"about":[{"href":"https:\/\/www.grupoferrocarril.com\/blog\/wp-json\/wp\/v2\/types\/post"}],"author":[{"embeddable":true,"href":"https:\/\/www.grupoferrocarril.com\/blog\/wp-json\/wp\/v2\/users\/4"}],"replies":[{"embeddable":true,"href":"https:\/\/www.grupoferrocarril.com\/blog\/wp-json\/wp\/v2\/comments?post=4648"}],"version-history":[{"count":5,"href":"https:\/\/www.grupoferrocarril.com\/blog\/wp-json\/wp\/v2\/posts\/4648\/revisions"}],"predecessor-version":[{"id":4678,"href":"https:\/\/www.grupoferrocarril.com\/blog\/wp-json\/wp\/v2\/posts\/4648\/revisions\/4678"}],"wp:featuredmedia":[{"embeddable":true,"href":"https:\/\/www.grupoferrocarril.com\/blog\/wp-json\/wp\/v2\/media\/4658"}],"wp:attachment":[{"href":"https:\/\/www.grupoferrocarril.com\/blog\/wp-json\/wp\/v2\/media?parent=4648"}],"wp:term":[{"taxonomy":"category","embeddable":true,"href":"https:\/\/www.grupoferrocarril.com\/blog\/wp-json\/wp\/v2\/categories?post=4648"},{"taxonomy":"post_tag","embeddable":true,"href":"https:\/\/www.grupoferrocarril.com\/blog\/wp-json\/wp\/v2\/tags?post=4648"}],"curies":[{"name":"wp","href":"https:\/\/api.w.org\/{rel}","templated":true}]}}