{"id":405,"date":"2010-12-16T18:23:47","date_gmt":"2010-12-16T16:23:47","guid":{"rendered":"http:\/\/www.inmoferrocarril.com\/blog\/?p=405"},"modified":"2010-12-16T18:23:47","modified_gmt":"2010-12-16T16:23:47","slug":"locales-en-parla","status":"publish","type":"post","link":"https:\/\/www.grupoferrocarril.com\/blog\/locales-en-parla\/","title":{"rendered":"Locales En Parla"},"content":{"rendered":"<p><a href=\"https:\/\/www.grupoferrocarril.com\/blog\/wp-content\/uploads\/2010\/12\/Locales-en-Parla-3.png\"><img loading=\"lazy\" decoding=\"async\" class=\"alignleft size-thumbnail wp-image-406\" title=\"Locales en Parla 3\" src=\"https:\/\/www.grupoferrocarril.com\/blog\/wp-content\/uploads\/2010\/12\/Locales-en-Parla-3-150x150.png\" alt=\"\" width=\"150\" height=\"150\" \/><\/a>El desarrollo de Parla Este est\u00e1 construido sobre 2,5 millones de metros cuadrados. La idea era construir con una baja densidad de vivienda por hect\u00e1rea, es por eso que hay 45 viviendas por hect\u00e1rea. La inversi\u00f3n es de m\u00e1s de 1.100 millones de euros.<!--more--><br \/>\n<a href=\"https:\/\/www.grupoferrocarril.com\/blog\/wp-content\/uploads\/2010\/12\/Locales-en-Parla-1.png\"><img loading=\"lazy\" decoding=\"async\" class=\"alignright size-thumbnail wp-image-407\" title=\"Locales en Parla 1\" src=\"https:\/\/www.grupoferrocarril.com\/blog\/wp-content\/uploads\/2010\/12\/Locales-en-Parla-1-150x150.png\" alt=\"\" width=\"150\" height=\"150\" \/><\/a>Los<strong> <a href=\"http:\/\/www.inmoferrocarril.com\/v\/5\/28\/viviendas-y-locales-en-alquiler\/locales-en-parla\" target=\"_blank\" rel=\"noopener noreferrer\">locales comerciales<\/a><\/strong> disponibles se encuentran en el Residencial \u201cLas Lomas de Parla\u201d. Tienen una superficie que comienza en los 196 metros cuadrados y se extiende hasta m\u00e1s de 300 metros cuadrados dependiendo el espacio que elijan.<br \/>\nSon 4 opciones disponibles y todos son de dos plantas, una de exposici\u00f3n y otra de almac\u00e9n o dep\u00f3sito.<br \/>\nPara m\u00e1s informaci\u00f3n haz clic <a href=\"http:\/\/www.inmoferrocarril.com\/\" target=\"_blank\" rel=\"noopener noreferrer\"><strong>aqu\u00ed<\/strong><\/a>.<br \/>\nSi prefieres puedes llamarnos al <strong>91 661 67 67<\/strong><\/p>\n","protected":false},"excerpt":{"rendered":"<p>El desarrollo de Parla Este est\u00e1 construido sobre 2,5 millones [&hellip;]<\/p>\n","protected":false},"author":4,"featured_media":0,"comment_status":"closed","ping_status":"closed","sticky":false,"template":"","format":"standard","meta":{"ngg_post_thumbnail":0,"footnotes":""},"categories":[3],"tags":[],"class_list":["post-405","post","type-post","status-publish","format-standard","hentry","category-uncategorized"],"yoast_head":"<!-- This site is optimized with the Yoast SEO plugin v27.5 - https:\/\/yoast.com\/product\/yoast-seo-wordpress\/ -->\r\n<title>Locales En Parla - Grupo Inmobiliario Ferrocarril | Blog<\/title>\r\n<meta name=\"robots\" content=\"index, follow, max-snippet:-1, max-image-preview:large, max-video-preview:-1\" \/>\r\n<link rel=\"canonical\" href=\"https:\/\/www.grupoferrocarril.com\/blog\/locales-en-parla\/\" \/>\r\n<meta property=\"og:locale\" content=\"es_ES\" \/>\r\n<meta property=\"og:type\" content=\"article\" \/>\r\n<meta property=\"og:title\" content=\"Locales En Parla - Grupo Inmobiliario Ferrocarril | Blog\" \/>\r\n<meta property=\"og:description\" content=\"El desarrollo de Parla Este est\u00e1 construido sobre 2,5 millones [&hellip;]\" \/>\r\n<meta property=\"og:url\" content=\"https:\/\/www.grupoferrocarril.com\/blog\/locales-en-parla\/\" \/>\r\n<meta property=\"og:site_name\" content=\"Grupo Inmobiliario Ferrocarril | Blog\" \/>\r\n<meta property=\"article:published_time\" content=\"2010-12-16T16:23:47+00:00\" \/>\r\n<meta property=\"og:image\" content=\"https:\/\/www.grupoferrocarril.com\/blog\/wp-content\/uploads\/2010\/12\/Locales-en-Parla-3-150x150.png\" \/>\r\n<meta name=\"author\" content=\"Grupo Ferrocarril\" \/>\r\n<meta name=\"twitter:card\" content=\"summary_large_image\" \/>\r\n<meta name=\"twitter:label1\" content=\"Escrito por\" \/>\n\t<meta name=\"twitter:data1\" content=\"Grupo Ferrocarril\" \/>\n\t<meta name=\"twitter:label2\" content=\"Tiempo de lectura\" \/>\n\t<meta name=\"twitter:data2\" content=\"1 minuto\" \/>\r\n<script type=\"application\/ld+json\" class=\"yoast-schema-graph\">{\"@context\":\"https:\\\/\\\/schema.org\",\"@graph\":[{\"@type\":\"Article\",\"@id\":\"https:\\\/\\\/www.grupoferrocarril.com\\\/blog\\\/locales-en-parla\\\/#article\",\"isPartOf\":{\"@id\":\"https:\\\/\\\/www.grupoferrocarril.com\\\/blog\\\/locales-en-parla\\\/\"},\"author\":{\"name\":\"Grupo Ferrocarril\",\"@id\":\"https:\\\/\\\/www.grupoferrocarril.com\\\/blog\\\/#\\\/schema\\\/person\\\/9c02fc15bd75bbe9322fea01d5b93497\"},\"headline\":\"Locales En Parla\",\"datePublished\":\"2010-12-16T16:23:47+00:00\",\"mainEntityOfPage\":{\"@id\":\"https:\\\/\\\/www.grupoferrocarril.com\\\/blog\\\/locales-en-parla\\\/\"},\"wordCount\":118,\"image\":{\"@id\":\"https:\\\/\\\/www.grupoferrocarril.com\\\/blog\\\/locales-en-parla\\\/#primaryimage\"},\"thumbnailUrl\":\"https:\\\/\\\/www.grupoferrocarril.com\\\/blog\\\/wp-content\\\/uploads\\\/2010\\\/12\\\/Locales-en-Parla-3-150x150.png\",\"articleSection\":[\"General\"],\"inLanguage\":\"es\"},{\"@type\":\"WebPage\",\"@id\":\"https:\\\/\\\/www.grupoferrocarril.com\\\/blog\\\/locales-en-parla\\\/\",\"url\":\"https:\\\/\\\/www.grupoferrocarril.com\\\/blog\\\/locales-en-parla\\\/\",\"name\":\"Locales En Parla - Grupo Inmobiliario Ferrocarril | Blog\",\"isPartOf\":{\"@id\":\"https:\\\/\\\/www.grupoferrocarril.com\\\/blog\\\/#website\"},\"primaryImageOfPage\":{\"@id\":\"https:\\\/\\\/www.grupoferrocarril.com\\\/blog\\\/locales-en-parla\\\/#primaryimage\"},\"image\":{\"@id\":\"https:\\\/\\\/www.grupoferrocarril.com\\\/blog\\\/locales-en-parla\\\/#primaryimage\"},\"thumbnailUrl\":\"https:\\\/\\\/www.grupoferrocarril.com\\\/blog\\\/wp-content\\\/uploads\\\/2010\\\/12\\\/Locales-en-Parla-3-150x150.png\",\"datePublished\":\"2010-12-16T16:23:47+00:00\",\"author\":{\"@id\":\"https:\\\/\\\/www.grupoferrocarril.com\\\/blog\\\/#\\\/schema\\\/person\\\/9c02fc15bd75bbe9322fea01d5b93497\"},\"breadcrumb\":{\"@id\":\"https:\\\/\\\/www.grupoferrocarril.com\\\/blog\\\/locales-en-parla\\\/#breadcrumb\"},\"inLanguage\":\"es\",\"potentialAction\":[{\"@type\":\"ReadAction\",\"target\":[\"https:\\\/\\\/www.grupoferrocarril.com\\\/blog\\\/locales-en-parla\\\/\"]}]},{\"@type\":\"ImageObject\",\"inLanguage\":\"es\",\"@id\":\"https:\\\/\\\/www.grupoferrocarril.com\\\/blog\\\/locales-en-parla\\\/#primaryimage\",\"url\":\"\",\"contentUrl\":\"\"},{\"@type\":\"BreadcrumbList\",\"@id\":\"https:\\\/\\\/www.grupoferrocarril.com\\\/blog\\\/locales-en-parla\\\/#breadcrumb\",\"itemListElement\":[{\"@type\":\"ListItem\",\"position\":1,\"name\":\"Portada\",\"item\":\"https:\\\/\\\/www.grupoferrocarril.com\\\/blog\\\/\"},{\"@type\":\"ListItem\",\"position\":2,\"name\":\"Locales En Parla\"}]},{\"@type\":\"WebSite\",\"@id\":\"https:\\\/\\\/www.grupoferrocarril.com\\\/blog\\\/#website\",\"url\":\"https:\\\/\\\/www.grupoferrocarril.com\\\/blog\\\/\",\"name\":\"Grupo Inmobiliario Ferrocarril | Blog\",\"description\":\"Venta de pisos y casas de obra nueva\",\"potentialAction\":[{\"@type\":\"SearchAction\",\"target\":{\"@type\":\"EntryPoint\",\"urlTemplate\":\"https:\\\/\\\/www.grupoferrocarril.com\\\/blog\\\/?s={search_term_string}\"},\"query-input\":{\"@type\":\"PropertyValueSpecification\",\"valueRequired\":true,\"valueName\":\"search_term_string\"}}],\"inLanguage\":\"es\"},{\"@type\":\"Person\",\"@id\":\"https:\\\/\\\/www.grupoferrocarril.com\\\/blog\\\/#\\\/schema\\\/person\\\/9c02fc15bd75bbe9322fea01d5b93497\",\"name\":\"Grupo Ferrocarril\",\"image\":{\"@type\":\"ImageObject\",\"inLanguage\":\"es\",\"@id\":\"https:\\\/\\\/www.grupoferrocarril.com\\\/blog\\\/wp-content\\\/uploads\\\/2019\\\/05\\\/avatar-150x150.jpg\",\"url\":\"https:\\\/\\\/www.grupoferrocarril.com\\\/blog\\\/wp-content\\\/uploads\\\/2019\\\/05\\\/avatar-150x150.jpg\",\"contentUrl\":\"https:\\\/\\\/www.grupoferrocarril.com\\\/blog\\\/wp-content\\\/uploads\\\/2019\\\/05\\\/avatar-150x150.jpg\",\"caption\":\"Grupo Ferrocarril\"},\"url\":\"https:\\\/\\\/www.grupoferrocarril.com\\\/blog\\\/author\\\/ferrocarril\\\/\"}]}<\/script>\r\n<!-- \/ Yoast SEO plugin. -->","yoast_head_json":{"title":"Locales En Parla - Grupo Inmobiliario Ferrocarril | Blog","robots":{"index":"index","follow":"follow","max-snippet":"max-snippet:-1","max-image-preview":"max-image-preview:large","max-video-preview":"max-video-preview:-1"},"canonical":"https:\/\/www.grupoferrocarril.com\/blog\/locales-en-parla\/","og_locale":"es_ES","og_type":"article","og_title":"Locales En Parla - Grupo Inmobiliario Ferrocarril | Blog","og_description":"El desarrollo de Parla Este est\u00e1 construido sobre 2,5 millones [&hellip;]","og_url":"https:\/\/www.grupoferrocarril.com\/blog\/locales-en-parla\/","og_site_name":"Grupo Inmobiliario Ferrocarril | Blog","article_published_time":"2010-12-16T16:23:47+00:00","og_image":[{"url":"https:\/\/www.grupoferrocarril.com\/blog\/wp-content\/uploads\/2010\/12\/Locales-en-Parla-3-150x150.png","type":"","width":"","height":""}],"author":"Grupo Ferrocarril","twitter_card":"summary_large_image","twitter_misc":{"Escrito por":"Grupo Ferrocarril","Tiempo de lectura":"1 minuto"},"schema":{"@context":"https:\/\/schema.org","@graph":[{"@type":"Article","@id":"https:\/\/www.grupoferrocarril.com\/blog\/locales-en-parla\/#article","isPartOf":{"@id":"https:\/\/www.grupoferrocarril.com\/blog\/locales-en-parla\/"},"author":{"name":"Grupo Ferrocarril","@id":"https:\/\/www.grupoferrocarril.com\/blog\/#\/schema\/person\/9c02fc15bd75bbe9322fea01d5b93497"},"headline":"Locales En Parla","datePublished":"2010-12-16T16:23:47+00:00","mainEntityOfPage":{"@id":"https:\/\/www.grupoferrocarril.com\/blog\/locales-en-parla\/"},"wordCount":118,"image":{"@id":"https:\/\/www.grupoferrocarril.com\/blog\/locales-en-parla\/#primaryimage"},"thumbnailUrl":"https:\/\/www.grupoferrocarril.com\/blog\/wp-content\/uploads\/2010\/12\/Locales-en-Parla-3-150x150.png","articleSection":["General"],"inLanguage":"es"},{"@type":"WebPage","@id":"https:\/\/www.grupoferrocarril.com\/blog\/locales-en-parla\/","url":"https:\/\/www.grupoferrocarril.com\/blog\/locales-en-parla\/","name":"Locales En Parla - Grupo Inmobiliario Ferrocarril | Blog","isPartOf":{"@id":"https:\/\/www.grupoferrocarril.com\/blog\/#website"},"primaryImageOfPage":{"@id":"https:\/\/www.grupoferrocarril.com\/blog\/locales-en-parla\/#primaryimage"},"image":{"@id":"https:\/\/www.grupoferrocarril.com\/blog\/locales-en-parla\/#primaryimage"},"thumbnailUrl":"https:\/\/www.grupoferrocarril.com\/blog\/wp-content\/uploads\/2010\/12\/Locales-en-Parla-3-150x150.png","datePublished":"2010-12-16T16:23:47+00:00","author":{"@id":"https:\/\/www.grupoferrocarril.com\/blog\/#\/schema\/person\/9c02fc15bd75bbe9322fea01d5b93497"},"breadcrumb":{"@id":"https:\/\/www.grupoferrocarril.com\/blog\/locales-en-parla\/#breadcrumb"},"inLanguage":"es","potentialAction":[{"@type":"ReadAction","target":["https:\/\/www.grupoferrocarril.com\/blog\/locales-en-parla\/"]}]},{"@type":"ImageObject","inLanguage":"es","@id":"https:\/\/www.grupoferrocarril.com\/blog\/locales-en-parla\/#primaryimage","url":"","contentUrl":""},{"@type":"BreadcrumbList","@id":"https:\/\/www.grupoferrocarril.com\/blog\/locales-en-parla\/#breadcrumb","itemListElement":[{"@type":"ListItem","position":1,"name":"Portada","item":"https:\/\/www.grupoferrocarril.com\/blog\/"},{"@type":"ListItem","position":2,"name":"Locales En Parla"}]},{"@type":"WebSite","@id":"https:\/\/www.grupoferrocarril.com\/blog\/#website","url":"https:\/\/www.grupoferrocarril.com\/blog\/","name":"Grupo Inmobiliario Ferrocarril | Blog","description":"Venta de pisos y casas de obra nueva","potentialAction":[{"@type":"SearchAction","target":{"@type":"EntryPoint","urlTemplate":"https:\/\/www.grupoferrocarril.com\/blog\/?s={search_term_string}"},"query-input":{"@type":"PropertyValueSpecification","valueRequired":true,"valueName":"search_term_string"}}],"inLanguage":"es"},{"@type":"Person","@id":"https:\/\/www.grupoferrocarril.com\/blog\/#\/schema\/person\/9c02fc15bd75bbe9322fea01d5b93497","name":"Grupo Ferrocarril","image":{"@type":"ImageObject","inLanguage":"es","@id":"https:\/\/www.grupoferrocarril.com\/blog\/wp-content\/uploads\/2019\/05\/avatar-150x150.jpg","url":"https:\/\/www.grupoferrocarril.com\/blog\/wp-content\/uploads\/2019\/05\/avatar-150x150.jpg","contentUrl":"https:\/\/www.grupoferrocarril.com\/blog\/wp-content\/uploads\/2019\/05\/avatar-150x150.jpg","caption":"Grupo Ferrocarril"},"url":"https:\/\/www.grupoferrocarril.com\/blog\/author\/ferrocarril\/"}]}},"_links":{"self":[{"href":"https:\/\/www.grupoferrocarril.com\/blog\/wp-json\/wp\/v2\/posts\/405","targetHints":{"allow":["GET"]}}],"collection":[{"href":"https:\/\/www.grupoferrocarril.com\/blog\/wp-json\/wp\/v2\/posts"}],"about":[{"href":"https:\/\/www.grupoferrocarril.com\/blog\/wp-json\/wp\/v2\/types\/post"}],"author":[{"embeddable":true,"href":"https:\/\/www.grupoferrocarril.com\/blog\/wp-json\/wp\/v2\/users\/4"}],"replies":[{"embeddable":true,"href":"https:\/\/www.grupoferrocarril.com\/blog\/wp-json\/wp\/v2\/comments?post=405"}],"version-history":[{"count":0,"href":"https:\/\/www.grupoferrocarril.com\/blog\/wp-json\/wp\/v2\/posts\/405\/revisions"}],"wp:attachment":[{"href":"https:\/\/www.grupoferrocarril.com\/blog\/wp-json\/wp\/v2\/media?parent=405"}],"wp:term":[{"taxonomy":"category","embeddable":true,"href":"https:\/\/www.grupoferrocarril.com\/blog\/wp-json\/wp\/v2\/categories?post=405"},{"taxonomy":"post_tag","embeddable":true,"href":"https:\/\/www.grupoferrocarril.com\/blog\/wp-json\/wp\/v2\/tags?post=405"}],"curies":[{"name":"wp","href":"https:\/\/api.w.org\/{rel}","templated":true}]}}