{"id":401,"date":"2010-12-15T19:08:39","date_gmt":"2010-12-15T17:08:39","guid":{"rendered":"http:\/\/www.inmoferrocarril.com\/blog\/?p=401"},"modified":"2010-12-15T19:08:39","modified_gmt":"2010-12-15T17:08:39","slug":"vivienda-en-el-real-de-cobenas","status":"publish","type":"post","link":"https:\/\/www.grupoferrocarril.com\/blog\/vivienda-en-el-real-de-cobenas\/","title":{"rendered":"Vivienda En &quot;El Real De Cobe\u00f1as&quot;"},"content":{"rendered":"<p><a href=\"https:\/\/www.grupoferrocarril.com\/blog\/wp-content\/uploads\/2010\/12\/El-Real-de-Cobe\u00f1as-blog.png\"><img loading=\"lazy\" decoding=\"async\" class=\"alignleft size-medium wp-image-402\" title=\"El Real de Cobe\u00f1as blog\" src=\"https:\/\/www.grupoferrocarril.com\/blog\/wp-content\/uploads\/2010\/12\/El-Real-de-Cobe\u00f1as-blog-300x137.png\" alt=\"\" width=\"300\" height=\"137\" \/><\/a>El Real de Cobe\u00f1a es una urbanizaci\u00f3n cerrada con amplias zonas comunes, construida sobre una estructura de hormig\u00f3n armado. Los pisos tienen desde 120 metros construidos. Estas viviendas de protecci\u00f3n oficial de 3 y 4 dormitorios ofrecen adem\u00e1s 2 plazas de garaje y trastero. Adem\u00e1s son de entrega inmediata. Los pisos son tipo d\u00faplex o bajos.<!--more--><br \/>\nAqu\u00ed la ficha t\u00e9cnica de construcci\u00f3n (ficha de car\u00e1cter informativo, no contractual):<br \/>\nESTRUCTURA:<br \/>\n_ Hormig\u00f3n armado.<br \/>\n_ Forjados de planta unidireccionales formados por vigas in situ y bovedillas<br \/>\ncer\u00e1micas o de hormig\u00f3n, incluso en planta baja y primer s\u00f3tano.<br \/>\nFACHADAS:<br \/>\n_ Las fachadas exteriores son combinaci\u00f3n de f\u00e1brica de ladrillo cara vista liso<br \/>\nhidrofugado, con aislamiento t\u00e9rmico de poliuretano proyectado y tabique de<br \/>\nladrillo cer\u00e1mico hueco sencillo.<br \/>\nCARPINTERIA EXTERIOR:<br \/>\n_ Huecos exteriores, carpinter\u00eda de aluminio con capialzado monobloc, lacado en<br \/>\ncolor de 15 micras, sellado perimetral de silicona.<br \/>\nCARPINTERIA INTERIOR:<br \/>\n_ Puerta de acceso a viviendas formada por hoja met\u00e1lica esmaltada en color,<br \/>\nanclada con pernios y cerradura de seguridad en vivienda de planta baja y<br \/>\npuertas chapadas en madera con cerradura de seguridad en vivienda de planta<br \/>\nprimera.<br \/>\n_ Puertas interiores chapadas en madera de medidas est\u00e1ndar con pernios y<br \/>\nresbal\u00f3n.<br \/>\n_ M\u00f3dulos de armarios empotrados lisos chapadas en madera con puertas<br \/>\ncorrederas, chapado interior de melamina.<br \/>\nTECHOS:<br \/>\n_ Falso techo de escayola lisa en ba\u00f1os, cocina, pasillos y vest\u00edbulo.<br \/>\n_ Techo de yeso guarnecido y enlucido en el resto de la vivienda.<br \/>\nALICATADOS:<br \/>\n_ En cocina y ba\u00f1os : azulejo cer\u00e1mico de 1\u00aa calidad en blanco mate o color suave<br \/>\nde 20&#215;20 \u00f3 30&#215;30, con listelo o cenefa decorativa.<br \/>\nPINTURAS:<br \/>\n_ Pintura en gotel\u00e9, en paramentos verticales de vivienda.<br \/>\n_ Techo de cocina y ba\u00f1o pintura temple liso, en resto vivienda terminados en<br \/>\npintura gotel\u00e9.<br \/>\nSOLADOS:<br \/>\n_ En la cocina y ba\u00f1os el pavimento es de plaqueta de gres de 31&#215;31 de primera<br \/>\ncalidad.<br \/>\n_ En resto de vivienda pavimento de tarima tipo Pergo o similar.<br \/>\nCALEFACCION:<br \/>\n_ Calefacci\u00f3n individual, con caldera estanca para gas natural de alta eficiencia, con<br \/>\nproducci\u00f3n de agua caliente para los circuitos de los radiadores.<br \/>\n_ Los radiadores son de panel de chapa.<br \/>\n_ La instalaci\u00f3n estar\u00e1 dotada de termostato ambiente electr\u00f3nico, con<br \/>\nalimentaci\u00f3n independiente, y conexionada al sistema de regulaci\u00f3n de caldera.<br \/>\nSANITARIOS:<br \/>\n_ Los sanitarios de porcelana vitrificada de primera calidad en color blanco.<br \/>\n_ Grifer\u00eda monomando.<br \/>\nELECTRICIDAD:<br \/>\n_ Instalaci\u00f3n interior el\u00e9ctrica, consta de un cuadro de protecci\u00f3n seg\u00fan normativa,<br \/>\ncon una protecci\u00f3n general \u201cdiferencial\u201d y protecciones individuales de cada<br \/>\ncircuito mediante \u201cmagneto t\u00e9rmicos\u201d y toma de tierra.<br \/>\n_ Los mecanismos el\u00e9ctricos son de marca BJC serie SOL-TEIDE o similar.<br \/>\n_ Antena para servicio telefon\u00eda, de marca BJC serie SOL-TEIDE o<br \/>\nsimilar. banda ancha, con tomas seg\u00fan normativa.<br \/>\nGARAJE:<br \/>\n_ La puerta de acceso de veh\u00edculos a garaje es met\u00e1lica con anclajes<br \/>\naislados, con sistema de apertura con mando a distancia.<br \/>\n_ El pavimento es de hormig\u00f3n pulido mec\u00e1nicamente y tratamiento de<br \/>\ncuarzo superficial.<br \/>\n_ Las paredes son de enfoscado de cemento pintado.<br \/>\nPORTAL Y ZONAS COMUNES:<br \/>\n_ Solado en portal, escaleras, distribuidores, terrazas, soportales,<br \/>\npasarelas y patios de parcela, pavimento de gres para exteriores.<\/p>\n","protected":false},"excerpt":{"rendered":"<p>El Real de Cobe\u00f1a es una urbanizaci\u00f3n cerrada con amplias [&hellip;]<\/p>\n","protected":false},"author":4,"featured_media":0,"comment_status":"closed","ping_status":"closed","sticky":false,"template":"","format":"standard","meta":{"ngg_post_thumbnail":0,"footnotes":""},"categories":[3],"tags":[10,9,11],"class_list":["post-401","post","type-post","status-publish","format-standard","hentry","category-uncategorized","tag-vivienda-proteccion-oficial","tag-vppl","tag-vppl-madrid"],"yoast_head":"<!-- This site is optimized with the Yoast SEO plugin v27.5 - https:\/\/yoast.com\/product\/yoast-seo-wordpress\/ -->\r\n<title>Vivienda En &quot;El Real De Cobe\u00f1as&quot; - Grupo Inmobiliario Ferrocarril | Blog<\/title>\r\n<meta name=\"robots\" content=\"index, follow, max-snippet:-1, max-image-preview:large, max-video-preview:-1\" \/>\r\n<link rel=\"canonical\" href=\"https:\/\/www.grupoferrocarril.com\/blog\/vivienda-en-el-real-de-cobenas\/\" \/>\r\n<meta property=\"og:locale\" content=\"es_ES\" \/>\r\n<meta property=\"og:type\" content=\"article\" \/>\r\n<meta property=\"og:title\" content=\"Vivienda En &quot;El Real De Cobe\u00f1as&quot; - Grupo Inmobiliario Ferrocarril | Blog\" \/>\r\n<meta property=\"og:description\" content=\"El Real de Cobe\u00f1a es una urbanizaci\u00f3n cerrada con amplias [&hellip;]\" \/>\r\n<meta property=\"og:url\" content=\"https:\/\/www.grupoferrocarril.com\/blog\/vivienda-en-el-real-de-cobenas\/\" \/>\r\n<meta property=\"og:site_name\" content=\"Grupo Inmobiliario Ferrocarril | Blog\" \/>\r\n<meta property=\"article:published_time\" content=\"2010-12-15T17:08:39+00:00\" \/>\r\n<meta property=\"og:image\" content=\"https:\/\/www.grupoferrocarril.com\/blog\/wp-content\/uploads\/2010\/12\/El-Real-de-Cobe\u00f1as-blog-300x137.png\" \/>\r\n<meta name=\"author\" content=\"Grupo Ferrocarril\" \/>\r\n<meta name=\"twitter:card\" content=\"summary_large_image\" \/>\r\n<meta name=\"twitter:label1\" content=\"Escrito por\" \/>\n\t<meta name=\"twitter:data1\" content=\"Grupo Ferrocarril\" \/>\n\t<meta name=\"twitter:label2\" content=\"Tiempo de lectura\" \/>\n\t<meta name=\"twitter:data2\" content=\"3 minutos\" \/>\r\n<script type=\"application\/ld+json\" class=\"yoast-schema-graph\">{\"@context\":\"https:\\\/\\\/schema.org\",\"@graph\":[{\"@type\":\"Article\",\"@id\":\"https:\\\/\\\/www.grupoferrocarril.com\\\/blog\\\/vivienda-en-el-real-de-cobenas\\\/#article\",\"isPartOf\":{\"@id\":\"https:\\\/\\\/www.grupoferrocarril.com\\\/blog\\\/vivienda-en-el-real-de-cobenas\\\/\"},\"author\":{\"name\":\"Grupo Ferrocarril\",\"@id\":\"https:\\\/\\\/www.grupoferrocarril.com\\\/blog\\\/#\\\/schema\\\/person\\\/9c02fc15bd75bbe9322fea01d5b93497\"},\"headline\":\"Vivienda En &quot;El Real De Cobe\u00f1as&quot;\",\"datePublished\":\"2010-12-15T17:08:39+00:00\",\"mainEntityOfPage\":{\"@id\":\"https:\\\/\\\/www.grupoferrocarril.com\\\/blog\\\/vivienda-en-el-real-de-cobenas\\\/\"},\"wordCount\":544,\"keywords\":[\"vivienda protecci\u00f3n oficial\",\"vppl\",\"vppl madrid\"],\"articleSection\":[\"General\"],\"inLanguage\":\"es\"},{\"@type\":\"WebPage\",\"@id\":\"https:\\\/\\\/www.grupoferrocarril.com\\\/blog\\\/vivienda-en-el-real-de-cobenas\\\/\",\"url\":\"https:\\\/\\\/www.grupoferrocarril.com\\\/blog\\\/vivienda-en-el-real-de-cobenas\\\/\",\"name\":\"Vivienda En &quot;El Real De Cobe\u00f1as&quot; - Grupo Inmobiliario Ferrocarril | Blog\",\"isPartOf\":{\"@id\":\"https:\\\/\\\/www.grupoferrocarril.com\\\/blog\\\/#website\"},\"datePublished\":\"2010-12-15T17:08:39+00:00\",\"author\":{\"@id\":\"https:\\\/\\\/www.grupoferrocarril.com\\\/blog\\\/#\\\/schema\\\/person\\\/9c02fc15bd75bbe9322fea01d5b93497\"},\"breadcrumb\":{\"@id\":\"https:\\\/\\\/www.grupoferrocarril.com\\\/blog\\\/vivienda-en-el-real-de-cobenas\\\/#breadcrumb\"},\"inLanguage\":\"es\",\"potentialAction\":[{\"@type\":\"ReadAction\",\"target\":[\"https:\\\/\\\/www.grupoferrocarril.com\\\/blog\\\/vivienda-en-el-real-de-cobenas\\\/\"]}]},{\"@type\":\"BreadcrumbList\",\"@id\":\"https:\\\/\\\/www.grupoferrocarril.com\\\/blog\\\/vivienda-en-el-real-de-cobenas\\\/#breadcrumb\",\"itemListElement\":[{\"@type\":\"ListItem\",\"position\":1,\"name\":\"Portada\",\"item\":\"https:\\\/\\\/www.grupoferrocarril.com\\\/blog\\\/\"},{\"@type\":\"ListItem\",\"position\":2,\"name\":\"Vivienda En &quot;El Real De Cobe\u00f1as&quot;\"}]},{\"@type\":\"WebSite\",\"@id\":\"https:\\\/\\\/www.grupoferrocarril.com\\\/blog\\\/#website\",\"url\":\"https:\\\/\\\/www.grupoferrocarril.com\\\/blog\\\/\",\"name\":\"Grupo Inmobiliario Ferrocarril | Blog\",\"description\":\"Venta de pisos y casas de obra nueva\",\"potentialAction\":[{\"@type\":\"SearchAction\",\"target\":{\"@type\":\"EntryPoint\",\"urlTemplate\":\"https:\\\/\\\/www.grupoferrocarril.com\\\/blog\\\/?s={search_term_string}\"},\"query-input\":{\"@type\":\"PropertyValueSpecification\",\"valueRequired\":true,\"valueName\":\"search_term_string\"}}],\"inLanguage\":\"es\"},{\"@type\":\"Person\",\"@id\":\"https:\\\/\\\/www.grupoferrocarril.com\\\/blog\\\/#\\\/schema\\\/person\\\/9c02fc15bd75bbe9322fea01d5b93497\",\"name\":\"Grupo Ferrocarril\",\"image\":{\"@type\":\"ImageObject\",\"inLanguage\":\"es\",\"@id\":\"https:\\\/\\\/www.grupoferrocarril.com\\\/blog\\\/wp-content\\\/uploads\\\/2019\\\/05\\\/avatar-150x150.jpg\",\"url\":\"https:\\\/\\\/www.grupoferrocarril.com\\\/blog\\\/wp-content\\\/uploads\\\/2019\\\/05\\\/avatar-150x150.jpg\",\"contentUrl\":\"https:\\\/\\\/www.grupoferrocarril.com\\\/blog\\\/wp-content\\\/uploads\\\/2019\\\/05\\\/avatar-150x150.jpg\",\"caption\":\"Grupo Ferrocarril\"},\"url\":\"https:\\\/\\\/www.grupoferrocarril.com\\\/blog\\\/author\\\/ferrocarril\\\/\"}]}<\/script>\r\n<!-- \/ Yoast SEO plugin. -->","yoast_head_json":{"title":"Vivienda En &quot;El Real De Cobe\u00f1as&quot; - Grupo Inmobiliario Ferrocarril | Blog","robots":{"index":"index","follow":"follow","max-snippet":"max-snippet:-1","max-image-preview":"max-image-preview:large","max-video-preview":"max-video-preview:-1"},"canonical":"https:\/\/www.grupoferrocarril.com\/blog\/vivienda-en-el-real-de-cobenas\/","og_locale":"es_ES","og_type":"article","og_title":"Vivienda En &quot;El Real De Cobe\u00f1as&quot; - Grupo Inmobiliario Ferrocarril | Blog","og_description":"El Real de Cobe\u00f1a es una urbanizaci\u00f3n cerrada con amplias [&hellip;]","og_url":"https:\/\/www.grupoferrocarril.com\/blog\/vivienda-en-el-real-de-cobenas\/","og_site_name":"Grupo Inmobiliario Ferrocarril | Blog","article_published_time":"2010-12-15T17:08:39+00:00","og_image":[{"url":"https:\/\/www.grupoferrocarril.com\/blog\/wp-content\/uploads\/2010\/12\/El-Real-de-Cobe\u00f1as-blog-300x137.png","type":"","width":"","height":""}],"author":"Grupo Ferrocarril","twitter_card":"summary_large_image","twitter_misc":{"Escrito por":"Grupo Ferrocarril","Tiempo de lectura":"3 minutos"},"schema":{"@context":"https:\/\/schema.org","@graph":[{"@type":"Article","@id":"https:\/\/www.grupoferrocarril.com\/blog\/vivienda-en-el-real-de-cobenas\/#article","isPartOf":{"@id":"https:\/\/www.grupoferrocarril.com\/blog\/vivienda-en-el-real-de-cobenas\/"},"author":{"name":"Grupo Ferrocarril","@id":"https:\/\/www.grupoferrocarril.com\/blog\/#\/schema\/person\/9c02fc15bd75bbe9322fea01d5b93497"},"headline":"Vivienda En &quot;El Real De Cobe\u00f1as&quot;","datePublished":"2010-12-15T17:08:39+00:00","mainEntityOfPage":{"@id":"https:\/\/www.grupoferrocarril.com\/blog\/vivienda-en-el-real-de-cobenas\/"},"wordCount":544,"keywords":["vivienda protecci\u00f3n oficial","vppl","vppl madrid"],"articleSection":["General"],"inLanguage":"es"},{"@type":"WebPage","@id":"https:\/\/www.grupoferrocarril.com\/blog\/vivienda-en-el-real-de-cobenas\/","url":"https:\/\/www.grupoferrocarril.com\/blog\/vivienda-en-el-real-de-cobenas\/","name":"Vivienda En &quot;El Real De Cobe\u00f1as&quot; - Grupo Inmobiliario Ferrocarril | Blog","isPartOf":{"@id":"https:\/\/www.grupoferrocarril.com\/blog\/#website"},"datePublished":"2010-12-15T17:08:39+00:00","author":{"@id":"https:\/\/www.grupoferrocarril.com\/blog\/#\/schema\/person\/9c02fc15bd75bbe9322fea01d5b93497"},"breadcrumb":{"@id":"https:\/\/www.grupoferrocarril.com\/blog\/vivienda-en-el-real-de-cobenas\/#breadcrumb"},"inLanguage":"es","potentialAction":[{"@type":"ReadAction","target":["https:\/\/www.grupoferrocarril.com\/blog\/vivienda-en-el-real-de-cobenas\/"]}]},{"@type":"BreadcrumbList","@id":"https:\/\/www.grupoferrocarril.com\/blog\/vivienda-en-el-real-de-cobenas\/#breadcrumb","itemListElement":[{"@type":"ListItem","position":1,"name":"Portada","item":"https:\/\/www.grupoferrocarril.com\/blog\/"},{"@type":"ListItem","position":2,"name":"Vivienda En &quot;El Real De Cobe\u00f1as&quot;"}]},{"@type":"WebSite","@id":"https:\/\/www.grupoferrocarril.com\/blog\/#website","url":"https:\/\/www.grupoferrocarril.com\/blog\/","name":"Grupo Inmobiliario Ferrocarril | Blog","description":"Venta de pisos y casas de obra nueva","potentialAction":[{"@type":"SearchAction","target":{"@type":"EntryPoint","urlTemplate":"https:\/\/www.grupoferrocarril.com\/blog\/?s={search_term_string}"},"query-input":{"@type":"PropertyValueSpecification","valueRequired":true,"valueName":"search_term_string"}}],"inLanguage":"es"},{"@type":"Person","@id":"https:\/\/www.grupoferrocarril.com\/blog\/#\/schema\/person\/9c02fc15bd75bbe9322fea01d5b93497","name":"Grupo Ferrocarril","image":{"@type":"ImageObject","inLanguage":"es","@id":"https:\/\/www.grupoferrocarril.com\/blog\/wp-content\/uploads\/2019\/05\/avatar-150x150.jpg","url":"https:\/\/www.grupoferrocarril.com\/blog\/wp-content\/uploads\/2019\/05\/avatar-150x150.jpg","contentUrl":"https:\/\/www.grupoferrocarril.com\/blog\/wp-content\/uploads\/2019\/05\/avatar-150x150.jpg","caption":"Grupo Ferrocarril"},"url":"https:\/\/www.grupoferrocarril.com\/blog\/author\/ferrocarril\/"}]}},"_links":{"self":[{"href":"https:\/\/www.grupoferrocarril.com\/blog\/wp-json\/wp\/v2\/posts\/401","targetHints":{"allow":["GET"]}}],"collection":[{"href":"https:\/\/www.grupoferrocarril.com\/blog\/wp-json\/wp\/v2\/posts"}],"about":[{"href":"https:\/\/www.grupoferrocarril.com\/blog\/wp-json\/wp\/v2\/types\/post"}],"author":[{"embeddable":true,"href":"https:\/\/www.grupoferrocarril.com\/blog\/wp-json\/wp\/v2\/users\/4"}],"replies":[{"embeddable":true,"href":"https:\/\/www.grupoferrocarril.com\/blog\/wp-json\/wp\/v2\/comments?post=401"}],"version-history":[{"count":0,"href":"https:\/\/www.grupoferrocarril.com\/blog\/wp-json\/wp\/v2\/posts\/401\/revisions"}],"wp:attachment":[{"href":"https:\/\/www.grupoferrocarril.com\/blog\/wp-json\/wp\/v2\/media?parent=401"}],"wp:term":[{"taxonomy":"category","embeddable":true,"href":"https:\/\/www.grupoferrocarril.com\/blog\/wp-json\/wp\/v2\/categories?post=401"},{"taxonomy":"post_tag","embeddable":true,"href":"https:\/\/www.grupoferrocarril.com\/blog\/wp-json\/wp\/v2\/tags?post=401"}],"curies":[{"name":"wp","href":"https:\/\/api.w.org\/{rel}","templated":true}]}}