{"id":3263,"date":"2018-10-24T09:32:12","date_gmt":"2018-10-24T08:32:12","guid":{"rendered":"https:\/\/www.grupoferrocarril.com\/blog\/?p=3263"},"modified":"2019-05-20T13:13:16","modified_gmt":"2019-05-20T11:13:16","slug":"casa-invierno","status":"publish","type":"post","link":"https:\/\/www.grupoferrocarril.com\/blog\/casa-invierno\/","title":{"rendered":"\u00bfPreparamos nuestra casa para el invierno?"},"content":{"rendered":"<p style=\"text-align: justify;\">Llega el invierno y buscamos el refugio del hogar, es el momento de redecorar dormitorios, salas y salones, buscando tejidos que aporten calidez y nos inviten a disfrutar del cambio de estaci\u00f3n. Las revistas de decoraci\u00f3n nos llenan de ideas, y nos muestran las tendencias, en colchas,n\u00f3rdicos, mantas, cojines, alfombras. En la revista El Mueble hemos encontrado todas estas ideas que te lo pondr\u00e1n f\u00e1cil&nbsp; <a href=\"https:\/\/www.elmueble.com\/ideas\/decoterapia\/prepara-tu-casa-para-invierno_42441\" target=\"_blank\" rel=\"noopener noreferrer\">Pulsa aqu\u00ed<\/a>&nbsp; &nbsp;La llegada del fr\u00edo tambi\u00e9n nos hace pensar en las formulas m\u00e1s econ\u00f3micas para mantener la vivienda con una temperatura adecuada, este es el momento de plantearnos el estado de&nbsp; &nbsp;la carpinter\u00eda exterior, los aislamientos en general y pensar en las revisiones de caldera e instalaciones. \u00bfSab\u00edas que un caldera sin revisar puede aumentar entre un 25% y un 30% el consumo y por lo tanto la factura final ?. En el siguiente enlace te informamos sobre la importancia del mantenimiento anual&nbsp;<a href=\"https:\/\/www.certicalia.com\/blog\/revision-de-la-caldera\" target=\"_blank\" rel=\"noopener noreferrer\">Revisi\u00f3n de la caldera.&nbsp;<\/a><br \/>\nGrupo Ferrocarril incorpora, en algunos proyectos, la chimenea, no s\u00f3lo por el atractivo que a\u00f1ade a la estancia, sino tambi\u00e9n por incorporar una fuente de calor muy especial ya que trasmite sensaciones positivas que te hacen permanecer en calma disfrutando del tiempo de descanso. En la promoci\u00f3n de Torrelodones, todos los salones de las viviendas cuentan con una chimenea tipo cassette, tambi\u00e9n la hemos incorporado en los chalet de Arroyomolinos y en las casas pareadas se ofrece como opcional, visita nuestra web,&nbsp;Grupo Ferrocarril , para obtener toda la informaci\u00f3n sobre estas promociones, en el link que te indico podr\u00e1s ver todas las&nbsp;<a href=\"https:\/\/www.elmueble.com\/ideas\/decoterapia\/chimeneas-razones-para-amarlas_40265\" target=\"_blank\" rel=\"noopener noreferrer\">Ventajas de una chimenea<\/a><br \/>\nTodos estos consejos nos ayudar\u00e1n a disfrutar de nuestro hogar durante el invierno.<\/p>\n<p><em>\u00bfQuieres conocer los <a href=\"https:\/\/www.grupoferrocarril.com\/venta-pisos-obra-nueva\">pisos y chalets de obra nueva, vppl y vppb en Madrid, Alicante y Sevilla<\/a> que Grupo Inmobiliario Ferrocarril tiene para ti?<\/em><\/p>\n","protected":false},"excerpt":{"rendered":"<p>Llega el invierno y buscamos el refugio del hogar, es [&hellip;]<\/p>\n","protected":false},"author":4,"featured_media":4233,"comment_status":"open","ping_status":"closed","sticky":false,"template":"","format":"standard","meta":{"ngg_post_thumbnail":0,"footnotes":""},"categories":[182],"tags":[187],"class_list":["post-3263","post","type-post","status-publish","format-standard","has-post-thumbnail","hentry","category-casa-y-decoracion","tag-invierno"],"yoast_head":"<!-- This site is optimized with the Yoast SEO plugin v27.5 - https:\/\/yoast.com\/product\/yoast-seo-wordpress\/ -->\r\n<title>\u00bfPreparamos nuestra casa para el invierno? - Grupo Inmobiliario Ferrocarril | Blog<\/title>\r\n<meta name=\"description\" content=\"Consejos para disfrutar del invierno en casa,tendencias en decoraci\u00f3n, ventajas de las chimeneas, revisiones de calderas, puesta a punto del hogar.\" \/>\r\n<meta name=\"robots\" content=\"index, follow, max-snippet:-1, max-image-preview:large, max-video-preview:-1\" \/>\r\n<link rel=\"canonical\" href=\"https:\/\/www.grupoferrocarril.com\/blog\/casa-invierno\/\" \/>\r\n<meta property=\"og:locale\" content=\"es_ES\" \/>\r\n<meta property=\"og:type\" content=\"article\" \/>\r\n<meta property=\"og:title\" content=\"\u00bfPreparamos nuestra casa para el invierno? - Grupo Inmobiliario Ferrocarril | Blog\" \/>\r\n<meta property=\"og:description\" content=\"Consejos para disfrutar del invierno en casa,tendencias en decoraci\u00f3n, ventajas de las chimeneas, revisiones de calderas, puesta a punto del hogar.\" \/>\r\n<meta property=\"og:url\" content=\"https:\/\/www.grupoferrocarril.com\/blog\/casa-invierno\/\" \/>\r\n<meta property=\"og:site_name\" content=\"Grupo Inmobiliario Ferrocarril | Blog\" \/>\r\n<meta property=\"article:published_time\" content=\"2018-10-24T08:32:12+00:00\" \/>\r\n<meta property=\"article:modified_time\" content=\"2019-05-20T11:13:16+00:00\" \/>\r\n<meta property=\"og:image\" content=\"https:\/\/www.grupoferrocarril.com\/blog\/wp-content\/uploads\/2018\/10\/venta-pisos-obra-nueva-madrid-sevilla-alicante-71.jpg\" \/>\r\n\t<meta property=\"og:image:width\" content=\"1200\" \/>\r\n\t<meta property=\"og:image:height\" content=\"630\" \/>\r\n\t<meta property=\"og:image:type\" content=\"image\/jpeg\" \/>\r\n<meta name=\"author\" content=\"Grupo Ferrocarril\" \/>\r\n<meta name=\"twitter:card\" content=\"summary_large_image\" \/>\r\n<meta name=\"twitter:label1\" content=\"Escrito por\" \/>\n\t<meta name=\"twitter:data1\" content=\"Grupo Ferrocarril\" \/>\n\t<meta name=\"twitter:label2\" content=\"Tiempo de lectura\" \/>\n\t<meta name=\"twitter:data2\" content=\"2 minutos\" \/>\r\n<script type=\"application\/ld+json\" class=\"yoast-schema-graph\">{\"@context\":\"https:\\\/\\\/schema.org\",\"@graph\":[{\"@type\":\"Article\",\"@id\":\"https:\\\/\\\/www.grupoferrocarril.com\\\/blog\\\/casa-invierno\\\/#article\",\"isPartOf\":{\"@id\":\"https:\\\/\\\/www.grupoferrocarril.com\\\/blog\\\/casa-invierno\\\/\"},\"author\":{\"name\":\"Grupo Ferrocarril\",\"@id\":\"https:\\\/\\\/www.grupoferrocarril.com\\\/blog\\\/#\\\/schema\\\/person\\\/9c02fc15bd75bbe9322fea01d5b93497\"},\"headline\":\"\u00bfPreparamos nuestra casa para el invierno?\",\"datePublished\":\"2018-10-24T08:32:12+00:00\",\"dateModified\":\"2019-05-20T11:13:16+00:00\",\"mainEntityOfPage\":{\"@id\":\"https:\\\/\\\/www.grupoferrocarril.com\\\/blog\\\/casa-invierno\\\/\"},\"wordCount\":329,\"commentCount\":0,\"image\":{\"@id\":\"https:\\\/\\\/www.grupoferrocarril.com\\\/blog\\\/casa-invierno\\\/#primaryimage\"},\"thumbnailUrl\":\"https:\\\/\\\/www.grupoferrocarril.com\\\/blog\\\/wp-content\\\/uploads\\\/2018\\\/10\\\/venta-pisos-obra-nueva-madrid-sevilla-alicante-71.jpg\",\"keywords\":[\"invierno\"],\"articleSection\":[\"Casa y Decoraci\u00f3n\"],\"inLanguage\":\"es\",\"potentialAction\":[{\"@type\":\"CommentAction\",\"name\":\"Comment\",\"target\":[\"https:\\\/\\\/www.grupoferrocarril.com\\\/blog\\\/casa-invierno\\\/#respond\"]}]},{\"@type\":\"WebPage\",\"@id\":\"https:\\\/\\\/www.grupoferrocarril.com\\\/blog\\\/casa-invierno\\\/\",\"url\":\"https:\\\/\\\/www.grupoferrocarril.com\\\/blog\\\/casa-invierno\\\/\",\"name\":\"\u00bfPreparamos nuestra casa para el invierno? - Grupo Inmobiliario Ferrocarril | Blog\",\"isPartOf\":{\"@id\":\"https:\\\/\\\/www.grupoferrocarril.com\\\/blog\\\/#website\"},\"primaryImageOfPage\":{\"@id\":\"https:\\\/\\\/www.grupoferrocarril.com\\\/blog\\\/casa-invierno\\\/#primaryimage\"},\"image\":{\"@id\":\"https:\\\/\\\/www.grupoferrocarril.com\\\/blog\\\/casa-invierno\\\/#primaryimage\"},\"thumbnailUrl\":\"https:\\\/\\\/www.grupoferrocarril.com\\\/blog\\\/wp-content\\\/uploads\\\/2018\\\/10\\\/venta-pisos-obra-nueva-madrid-sevilla-alicante-71.jpg\",\"datePublished\":\"2018-10-24T08:32:12+00:00\",\"dateModified\":\"2019-05-20T11:13:16+00:00\",\"author\":{\"@id\":\"https:\\\/\\\/www.grupoferrocarril.com\\\/blog\\\/#\\\/schema\\\/person\\\/9c02fc15bd75bbe9322fea01d5b93497\"},\"description\":\"Consejos para disfrutar del invierno en casa,tendencias en decoraci\u00f3n, ventajas de las chimeneas, revisiones de calderas, puesta a punto del hogar.\",\"breadcrumb\":{\"@id\":\"https:\\\/\\\/www.grupoferrocarril.com\\\/blog\\\/casa-invierno\\\/#breadcrumb\"},\"inLanguage\":\"es\",\"potentialAction\":[{\"@type\":\"ReadAction\",\"target\":[\"https:\\\/\\\/www.grupoferrocarril.com\\\/blog\\\/casa-invierno\\\/\"]}]},{\"@type\":\"ImageObject\",\"inLanguage\":\"es\",\"@id\":\"https:\\\/\\\/www.grupoferrocarril.com\\\/blog\\\/casa-invierno\\\/#primaryimage\",\"url\":\"https:\\\/\\\/www.grupoferrocarril.com\\\/blog\\\/wp-content\\\/uploads\\\/2018\\\/10\\\/venta-pisos-obra-nueva-madrid-sevilla-alicante-71.jpg\",\"contentUrl\":\"https:\\\/\\\/www.grupoferrocarril.com\\\/blog\\\/wp-content\\\/uploads\\\/2018\\\/10\\\/venta-pisos-obra-nueva-madrid-sevilla-alicante-71.jpg\",\"width\":1200,\"height\":630},{\"@type\":\"BreadcrumbList\",\"@id\":\"https:\\\/\\\/www.grupoferrocarril.com\\\/blog\\\/casa-invierno\\\/#breadcrumb\",\"itemListElement\":[{\"@type\":\"ListItem\",\"position\":1,\"name\":\"Portada\",\"item\":\"https:\\\/\\\/www.grupoferrocarril.com\\\/blog\\\/\"},{\"@type\":\"ListItem\",\"position\":2,\"name\":\"\u00bfPreparamos nuestra casa para el invierno?\"}]},{\"@type\":\"WebSite\",\"@id\":\"https:\\\/\\\/www.grupoferrocarril.com\\\/blog\\\/#website\",\"url\":\"https:\\\/\\\/www.grupoferrocarril.com\\\/blog\\\/\",\"name\":\"Grupo Inmobiliario Ferrocarril | Blog\",\"description\":\"Venta de pisos y casas de obra nueva\",\"potentialAction\":[{\"@type\":\"SearchAction\",\"target\":{\"@type\":\"EntryPoint\",\"urlTemplate\":\"https:\\\/\\\/www.grupoferrocarril.com\\\/blog\\\/?s={search_term_string}\"},\"query-input\":{\"@type\":\"PropertyValueSpecification\",\"valueRequired\":true,\"valueName\":\"search_term_string\"}}],\"inLanguage\":\"es\"},{\"@type\":\"Person\",\"@id\":\"https:\\\/\\\/www.grupoferrocarril.com\\\/blog\\\/#\\\/schema\\\/person\\\/9c02fc15bd75bbe9322fea01d5b93497\",\"name\":\"Grupo Ferrocarril\",\"image\":{\"@type\":\"ImageObject\",\"inLanguage\":\"es\",\"@id\":\"https:\\\/\\\/www.grupoferrocarril.com\\\/blog\\\/wp-content\\\/uploads\\\/2019\\\/05\\\/avatar-150x150.jpg\",\"url\":\"https:\\\/\\\/www.grupoferrocarril.com\\\/blog\\\/wp-content\\\/uploads\\\/2019\\\/05\\\/avatar-150x150.jpg\",\"contentUrl\":\"https:\\\/\\\/www.grupoferrocarril.com\\\/blog\\\/wp-content\\\/uploads\\\/2019\\\/05\\\/avatar-150x150.jpg\",\"caption\":\"Grupo Ferrocarril\"},\"url\":\"https:\\\/\\\/www.grupoferrocarril.com\\\/blog\\\/author\\\/ferrocarril\\\/\"}]}<\/script>\r\n<!-- \/ Yoast SEO plugin. -->","yoast_head_json":{"title":"\u00bfPreparamos nuestra casa para el invierno? - Grupo Inmobiliario Ferrocarril | Blog","description":"Consejos para disfrutar del invierno en casa,tendencias en decoraci\u00f3n, ventajas de las chimeneas, revisiones de calderas, puesta a punto del hogar.","robots":{"index":"index","follow":"follow","max-snippet":"max-snippet:-1","max-image-preview":"max-image-preview:large","max-video-preview":"max-video-preview:-1"},"canonical":"https:\/\/www.grupoferrocarril.com\/blog\/casa-invierno\/","og_locale":"es_ES","og_type":"article","og_title":"\u00bfPreparamos nuestra casa para el invierno? - Grupo Inmobiliario Ferrocarril | Blog","og_description":"Consejos para disfrutar del invierno en casa,tendencias en decoraci\u00f3n, ventajas de las chimeneas, revisiones de calderas, puesta a punto del hogar.","og_url":"https:\/\/www.grupoferrocarril.com\/blog\/casa-invierno\/","og_site_name":"Grupo Inmobiliario Ferrocarril | Blog","article_published_time":"2018-10-24T08:32:12+00:00","article_modified_time":"2019-05-20T11:13:16+00:00","og_image":[{"width":1200,"height":630,"url":"https:\/\/www.grupoferrocarril.com\/blog\/wp-content\/uploads\/2018\/10\/venta-pisos-obra-nueva-madrid-sevilla-alicante-71.jpg","type":"image\/jpeg"}],"author":"Grupo Ferrocarril","twitter_card":"summary_large_image","twitter_misc":{"Escrito por":"Grupo Ferrocarril","Tiempo de lectura":"2 minutos"},"schema":{"@context":"https:\/\/schema.org","@graph":[{"@type":"Article","@id":"https:\/\/www.grupoferrocarril.com\/blog\/casa-invierno\/#article","isPartOf":{"@id":"https:\/\/www.grupoferrocarril.com\/blog\/casa-invierno\/"},"author":{"name":"Grupo Ferrocarril","@id":"https:\/\/www.grupoferrocarril.com\/blog\/#\/schema\/person\/9c02fc15bd75bbe9322fea01d5b93497"},"headline":"\u00bfPreparamos nuestra casa para el invierno?","datePublished":"2018-10-24T08:32:12+00:00","dateModified":"2019-05-20T11:13:16+00:00","mainEntityOfPage":{"@id":"https:\/\/www.grupoferrocarril.com\/blog\/casa-invierno\/"},"wordCount":329,"commentCount":0,"image":{"@id":"https:\/\/www.grupoferrocarril.com\/blog\/casa-invierno\/#primaryimage"},"thumbnailUrl":"https:\/\/www.grupoferrocarril.com\/blog\/wp-content\/uploads\/2018\/10\/venta-pisos-obra-nueva-madrid-sevilla-alicante-71.jpg","keywords":["invierno"],"articleSection":["Casa y Decoraci\u00f3n"],"inLanguage":"es","potentialAction":[{"@type":"CommentAction","name":"Comment","target":["https:\/\/www.grupoferrocarril.com\/blog\/casa-invierno\/#respond"]}]},{"@type":"WebPage","@id":"https:\/\/www.grupoferrocarril.com\/blog\/casa-invierno\/","url":"https:\/\/www.grupoferrocarril.com\/blog\/casa-invierno\/","name":"\u00bfPreparamos nuestra casa para el invierno? - Grupo Inmobiliario Ferrocarril | Blog","isPartOf":{"@id":"https:\/\/www.grupoferrocarril.com\/blog\/#website"},"primaryImageOfPage":{"@id":"https:\/\/www.grupoferrocarril.com\/blog\/casa-invierno\/#primaryimage"},"image":{"@id":"https:\/\/www.grupoferrocarril.com\/blog\/casa-invierno\/#primaryimage"},"thumbnailUrl":"https:\/\/www.grupoferrocarril.com\/blog\/wp-content\/uploads\/2018\/10\/venta-pisos-obra-nueva-madrid-sevilla-alicante-71.jpg","datePublished":"2018-10-24T08:32:12+00:00","dateModified":"2019-05-20T11:13:16+00:00","author":{"@id":"https:\/\/www.grupoferrocarril.com\/blog\/#\/schema\/person\/9c02fc15bd75bbe9322fea01d5b93497"},"description":"Consejos para disfrutar del invierno en casa,tendencias en decoraci\u00f3n, ventajas de las chimeneas, revisiones de calderas, puesta a punto del hogar.","breadcrumb":{"@id":"https:\/\/www.grupoferrocarril.com\/blog\/casa-invierno\/#breadcrumb"},"inLanguage":"es","potentialAction":[{"@type":"ReadAction","target":["https:\/\/www.grupoferrocarril.com\/blog\/casa-invierno\/"]}]},{"@type":"ImageObject","inLanguage":"es","@id":"https:\/\/www.grupoferrocarril.com\/blog\/casa-invierno\/#primaryimage","url":"https:\/\/www.grupoferrocarril.com\/blog\/wp-content\/uploads\/2018\/10\/venta-pisos-obra-nueva-madrid-sevilla-alicante-71.jpg","contentUrl":"https:\/\/www.grupoferrocarril.com\/blog\/wp-content\/uploads\/2018\/10\/venta-pisos-obra-nueva-madrid-sevilla-alicante-71.jpg","width":1200,"height":630},{"@type":"BreadcrumbList","@id":"https:\/\/www.grupoferrocarril.com\/blog\/casa-invierno\/#breadcrumb","itemListElement":[{"@type":"ListItem","position":1,"name":"Portada","item":"https:\/\/www.grupoferrocarril.com\/blog\/"},{"@type":"ListItem","position":2,"name":"\u00bfPreparamos nuestra casa para el invierno?"}]},{"@type":"WebSite","@id":"https:\/\/www.grupoferrocarril.com\/blog\/#website","url":"https:\/\/www.grupoferrocarril.com\/blog\/","name":"Grupo Inmobiliario Ferrocarril | Blog","description":"Venta de pisos y casas de obra nueva","potentialAction":[{"@type":"SearchAction","target":{"@type":"EntryPoint","urlTemplate":"https:\/\/www.grupoferrocarril.com\/blog\/?s={search_term_string}"},"query-input":{"@type":"PropertyValueSpecification","valueRequired":true,"valueName":"search_term_string"}}],"inLanguage":"es"},{"@type":"Person","@id":"https:\/\/www.grupoferrocarril.com\/blog\/#\/schema\/person\/9c02fc15bd75bbe9322fea01d5b93497","name":"Grupo Ferrocarril","image":{"@type":"ImageObject","inLanguage":"es","@id":"https:\/\/www.grupoferrocarril.com\/blog\/wp-content\/uploads\/2019\/05\/avatar-150x150.jpg","url":"https:\/\/www.grupoferrocarril.com\/blog\/wp-content\/uploads\/2019\/05\/avatar-150x150.jpg","contentUrl":"https:\/\/www.grupoferrocarril.com\/blog\/wp-content\/uploads\/2019\/05\/avatar-150x150.jpg","caption":"Grupo Ferrocarril"},"url":"https:\/\/www.grupoferrocarril.com\/blog\/author\/ferrocarril\/"}]}},"_links":{"self":[{"href":"https:\/\/www.grupoferrocarril.com\/blog\/wp-json\/wp\/v2\/posts\/3263","targetHints":{"allow":["GET"]}}],"collection":[{"href":"https:\/\/www.grupoferrocarril.com\/blog\/wp-json\/wp\/v2\/posts"}],"about":[{"href":"https:\/\/www.grupoferrocarril.com\/blog\/wp-json\/wp\/v2\/types\/post"}],"author":[{"embeddable":true,"href":"https:\/\/www.grupoferrocarril.com\/blog\/wp-json\/wp\/v2\/users\/4"}],"replies":[{"embeddable":true,"href":"https:\/\/www.grupoferrocarril.com\/blog\/wp-json\/wp\/v2\/comments?post=3263"}],"version-history":[{"count":4,"href":"https:\/\/www.grupoferrocarril.com\/blog\/wp-json\/wp\/v2\/posts\/3263\/revisions"}],"predecessor-version":[{"id":4234,"href":"https:\/\/www.grupoferrocarril.com\/blog\/wp-json\/wp\/v2\/posts\/3263\/revisions\/4234"}],"wp:featuredmedia":[{"embeddable":true,"href":"https:\/\/www.grupoferrocarril.com\/blog\/wp-json\/wp\/v2\/media\/4233"}],"wp:attachment":[{"href":"https:\/\/www.grupoferrocarril.com\/blog\/wp-json\/wp\/v2\/media?parent=3263"}],"wp:term":[{"taxonomy":"category","embeddable":true,"href":"https:\/\/www.grupoferrocarril.com\/blog\/wp-json\/wp\/v2\/categories?post=3263"},{"taxonomy":"post_tag","embeddable":true,"href":"https:\/\/www.grupoferrocarril.com\/blog\/wp-json\/wp\/v2\/tags?post=3263"}],"curies":[{"name":"wp","href":"https:\/\/api.w.org\/{rel}","templated":true}]}}