{"id":217,"date":"2010-12-30T15:22:59","date_gmt":"2010-12-30T13:22:59","guid":{"rendered":"http:\/\/www.inmoferrocarril.com\/blog\/?p=217"},"modified":"2010-12-30T15:22:59","modified_gmt":"2010-12-30T13:22:59","slug":"vivienda-protegida-en-valdebebas","status":"publish","type":"post","link":"https:\/\/www.grupoferrocarril.com\/blog\/vivienda-protegida-en-valdebebas\/","title":{"rendered":"Vivienda Protegida en Valdebebas"},"content":{"rendered":"<h3>Valdebebas III<\/h3>\n<p><img loading=\"lazy\" decoding=\"async\" class=\"alignleft\" style=\"margin-right: 10px;\" src=\"http:\/\/inmoferrocarril.com\/img\/promociones\/46\/681_zona-interior06.jpg\" alt=\"vivienda protegida valdebebas\" width=\"288\" height=\"216\" \/> Nueva promoci\u00f3n de 79 vivienda protegida tipo VPPB en r\u00e9gimen de cooperativa, en el nuevo desarrollo urban\u00edstico de Valdebebas. Esta promoci\u00f3n de viviendas estar\u00e1 financiada por <strong>Caja Madrid<\/strong>.<!--more--><br \/>\nViviendas de 2 y 3 dormitorios con zonas comunes, piscina, plazas de garaje y trastero.<br \/>\nFecha prevista de entrega en el 2013.<br \/>\n\u00a1\u00a1\u00a1VISITE NUESTRO PUNTO DE VENTA EN VALDEBEBAS!!!<br \/>\n\u00a1\u00a1\u00a1VIVIENDAS YA A LA VENTA!!!<\/p>\n","protected":false},"excerpt":{"rendered":"<p>Valdebebas III Nueva promoci\u00f3n de 79 vivienda protegida tipo VPPB [&hellip;]<\/p>\n","protected":false},"author":4,"featured_media":0,"comment_status":"closed","ping_status":"closed","sticky":false,"template":"","format":"standard","meta":{"ngg_post_thumbnail":0,"footnotes":""},"categories":[3],"tags":[4,9],"class_list":["post-217","post","type-post","status-publish","format-standard","hentry","category-uncategorized","tag-vivienda-protegida-madrid","tag-vppl"],"yoast_head":"<!-- This site is optimized with the Yoast SEO plugin v27.5 - https:\/\/yoast.com\/product\/yoast-seo-wordpress\/ -->\r\n<title>Vivienda Protegida en Valdebebas - Grupo Inmobiliario Ferrocarril | Blog<\/title>\r\n<meta name=\"robots\" content=\"index, follow, max-snippet:-1, max-image-preview:large, max-video-preview:-1\" \/>\r\n<link rel=\"canonical\" href=\"https:\/\/www.grupoferrocarril.com\/blog\/vivienda-protegida-en-valdebebas\/\" \/>\r\n<meta property=\"og:locale\" content=\"es_ES\" \/>\r\n<meta property=\"og:type\" content=\"article\" \/>\r\n<meta property=\"og:title\" content=\"Vivienda Protegida en Valdebebas - Grupo Inmobiliario Ferrocarril | Blog\" \/>\r\n<meta property=\"og:description\" content=\"Valdebebas III Nueva promoci\u00f3n de 79 vivienda protegida tipo VPPB [&hellip;]\" \/>\r\n<meta property=\"og:url\" content=\"https:\/\/www.grupoferrocarril.com\/blog\/vivienda-protegida-en-valdebebas\/\" \/>\r\n<meta property=\"og:site_name\" content=\"Grupo Inmobiliario Ferrocarril | Blog\" \/>\r\n<meta property=\"article:published_time\" content=\"2010-12-30T13:22:59+00:00\" \/>\r\n<meta property=\"og:image\" content=\"http:\/\/inmoferrocarril.com\/img\/promociones\/46\/681_zona-interior06.jpg\" \/>\r\n<meta name=\"author\" content=\"Grupo Ferrocarril\" \/>\r\n<meta name=\"twitter:card\" content=\"summary_large_image\" \/>\r\n<meta name=\"twitter:label1\" content=\"Escrito por\" \/>\n\t<meta name=\"twitter:data1\" content=\"Grupo Ferrocarril\" \/>\r\n<script type=\"application\/ld+json\" class=\"yoast-schema-graph\">{\"@context\":\"https:\\\/\\\/schema.org\",\"@graph\":[{\"@type\":\"Article\",\"@id\":\"https:\\\/\\\/www.grupoferrocarril.com\\\/blog\\\/vivienda-protegida-en-valdebebas\\\/#article\",\"isPartOf\":{\"@id\":\"https:\\\/\\\/www.grupoferrocarril.com\\\/blog\\\/vivienda-protegida-en-valdebebas\\\/\"},\"author\":{\"name\":\"Grupo Ferrocarril\",\"@id\":\"https:\\\/\\\/www.grupoferrocarril.com\\\/blog\\\/#\\\/schema\\\/person\\\/9c02fc15bd75bbe9322fea01d5b93497\"},\"headline\":\"Vivienda Protegida en Valdebebas\",\"datePublished\":\"2010-12-30T13:22:59+00:00\",\"mainEntityOfPage\":{\"@id\":\"https:\\\/\\\/www.grupoferrocarril.com\\\/blog\\\/vivienda-protegida-en-valdebebas\\\/\"},\"wordCount\":68,\"image\":{\"@id\":\"https:\\\/\\\/www.grupoferrocarril.com\\\/blog\\\/vivienda-protegida-en-valdebebas\\\/#primaryimage\"},\"thumbnailUrl\":\"http:\\\/\\\/inmoferrocarril.com\\\/img\\\/promociones\\\/46\\\/681_zona-interior06.jpg\",\"keywords\":[\"vivienda protegida madrid\",\"vppl\"],\"articleSection\":[\"General\"],\"inLanguage\":\"es\"},{\"@type\":\"WebPage\",\"@id\":\"https:\\\/\\\/www.grupoferrocarril.com\\\/blog\\\/vivienda-protegida-en-valdebebas\\\/\",\"url\":\"https:\\\/\\\/www.grupoferrocarril.com\\\/blog\\\/vivienda-protegida-en-valdebebas\\\/\",\"name\":\"Vivienda Protegida en Valdebebas - Grupo Inmobiliario Ferrocarril | Blog\",\"isPartOf\":{\"@id\":\"https:\\\/\\\/www.grupoferrocarril.com\\\/blog\\\/#website\"},\"primaryImageOfPage\":{\"@id\":\"https:\\\/\\\/www.grupoferrocarril.com\\\/blog\\\/vivienda-protegida-en-valdebebas\\\/#primaryimage\"},\"image\":{\"@id\":\"https:\\\/\\\/www.grupoferrocarril.com\\\/blog\\\/vivienda-protegida-en-valdebebas\\\/#primaryimage\"},\"thumbnailUrl\":\"http:\\\/\\\/inmoferrocarril.com\\\/img\\\/promociones\\\/46\\\/681_zona-interior06.jpg\",\"datePublished\":\"2010-12-30T13:22:59+00:00\",\"author\":{\"@id\":\"https:\\\/\\\/www.grupoferrocarril.com\\\/blog\\\/#\\\/schema\\\/person\\\/9c02fc15bd75bbe9322fea01d5b93497\"},\"breadcrumb\":{\"@id\":\"https:\\\/\\\/www.grupoferrocarril.com\\\/blog\\\/vivienda-protegida-en-valdebebas\\\/#breadcrumb\"},\"inLanguage\":\"es\",\"potentialAction\":[{\"@type\":\"ReadAction\",\"target\":[\"https:\\\/\\\/www.grupoferrocarril.com\\\/blog\\\/vivienda-protegida-en-valdebebas\\\/\"]}]},{\"@type\":\"ImageObject\",\"inLanguage\":\"es\",\"@id\":\"https:\\\/\\\/www.grupoferrocarril.com\\\/blog\\\/vivienda-protegida-en-valdebebas\\\/#primaryimage\",\"url\":\"http:\\\/\\\/inmoferrocarril.com\\\/img\\\/promociones\\\/46\\\/681_zona-interior06.jpg\",\"contentUrl\":\"http:\\\/\\\/inmoferrocarril.com\\\/img\\\/promociones\\\/46\\\/681_zona-interior06.jpg\"},{\"@type\":\"BreadcrumbList\",\"@id\":\"https:\\\/\\\/www.grupoferrocarril.com\\\/blog\\\/vivienda-protegida-en-valdebebas\\\/#breadcrumb\",\"itemListElement\":[{\"@type\":\"ListItem\",\"position\":1,\"name\":\"Portada\",\"item\":\"https:\\\/\\\/www.grupoferrocarril.com\\\/blog\\\/\"},{\"@type\":\"ListItem\",\"position\":2,\"name\":\"Vivienda Protegida en Valdebebas\"}]},{\"@type\":\"WebSite\",\"@id\":\"https:\\\/\\\/www.grupoferrocarril.com\\\/blog\\\/#website\",\"url\":\"https:\\\/\\\/www.grupoferrocarril.com\\\/blog\\\/\",\"name\":\"Grupo Inmobiliario Ferrocarril | Blog\",\"description\":\"Venta de pisos y casas de obra nueva\",\"potentialAction\":[{\"@type\":\"SearchAction\",\"target\":{\"@type\":\"EntryPoint\",\"urlTemplate\":\"https:\\\/\\\/www.grupoferrocarril.com\\\/blog\\\/?s={search_term_string}\"},\"query-input\":{\"@type\":\"PropertyValueSpecification\",\"valueRequired\":true,\"valueName\":\"search_term_string\"}}],\"inLanguage\":\"es\"},{\"@type\":\"Person\",\"@id\":\"https:\\\/\\\/www.grupoferrocarril.com\\\/blog\\\/#\\\/schema\\\/person\\\/9c02fc15bd75bbe9322fea01d5b93497\",\"name\":\"Grupo Ferrocarril\",\"image\":{\"@type\":\"ImageObject\",\"inLanguage\":\"es\",\"@id\":\"https:\\\/\\\/www.grupoferrocarril.com\\\/blog\\\/wp-content\\\/uploads\\\/2019\\\/05\\\/avatar-150x150.jpg\",\"url\":\"https:\\\/\\\/www.grupoferrocarril.com\\\/blog\\\/wp-content\\\/uploads\\\/2019\\\/05\\\/avatar-150x150.jpg\",\"contentUrl\":\"https:\\\/\\\/www.grupoferrocarril.com\\\/blog\\\/wp-content\\\/uploads\\\/2019\\\/05\\\/avatar-150x150.jpg\",\"caption\":\"Grupo Ferrocarril\"},\"url\":\"https:\\\/\\\/www.grupoferrocarril.com\\\/blog\\\/author\\\/ferrocarril\\\/\"}]}<\/script>\r\n<!-- \/ Yoast SEO plugin. -->","yoast_head_json":{"title":"Vivienda Protegida en Valdebebas - Grupo Inmobiliario Ferrocarril | Blog","robots":{"index":"index","follow":"follow","max-snippet":"max-snippet:-1","max-image-preview":"max-image-preview:large","max-video-preview":"max-video-preview:-1"},"canonical":"https:\/\/www.grupoferrocarril.com\/blog\/vivienda-protegida-en-valdebebas\/","og_locale":"es_ES","og_type":"article","og_title":"Vivienda Protegida en Valdebebas - Grupo Inmobiliario Ferrocarril | Blog","og_description":"Valdebebas III Nueva promoci\u00f3n de 79 vivienda protegida tipo VPPB [&hellip;]","og_url":"https:\/\/www.grupoferrocarril.com\/blog\/vivienda-protegida-en-valdebebas\/","og_site_name":"Grupo Inmobiliario Ferrocarril | Blog","article_published_time":"2010-12-30T13:22:59+00:00","og_image":[{"url":"http:\/\/inmoferrocarril.com\/img\/promociones\/46\/681_zona-interior06.jpg","type":"","width":"","height":""}],"author":"Grupo Ferrocarril","twitter_card":"summary_large_image","twitter_misc":{"Escrito por":"Grupo Ferrocarril"},"schema":{"@context":"https:\/\/schema.org","@graph":[{"@type":"Article","@id":"https:\/\/www.grupoferrocarril.com\/blog\/vivienda-protegida-en-valdebebas\/#article","isPartOf":{"@id":"https:\/\/www.grupoferrocarril.com\/blog\/vivienda-protegida-en-valdebebas\/"},"author":{"name":"Grupo Ferrocarril","@id":"https:\/\/www.grupoferrocarril.com\/blog\/#\/schema\/person\/9c02fc15bd75bbe9322fea01d5b93497"},"headline":"Vivienda Protegida en Valdebebas","datePublished":"2010-12-30T13:22:59+00:00","mainEntityOfPage":{"@id":"https:\/\/www.grupoferrocarril.com\/blog\/vivienda-protegida-en-valdebebas\/"},"wordCount":68,"image":{"@id":"https:\/\/www.grupoferrocarril.com\/blog\/vivienda-protegida-en-valdebebas\/#primaryimage"},"thumbnailUrl":"http:\/\/inmoferrocarril.com\/img\/promociones\/46\/681_zona-interior06.jpg","keywords":["vivienda protegida madrid","vppl"],"articleSection":["General"],"inLanguage":"es"},{"@type":"WebPage","@id":"https:\/\/www.grupoferrocarril.com\/blog\/vivienda-protegida-en-valdebebas\/","url":"https:\/\/www.grupoferrocarril.com\/blog\/vivienda-protegida-en-valdebebas\/","name":"Vivienda Protegida en Valdebebas - Grupo Inmobiliario Ferrocarril | Blog","isPartOf":{"@id":"https:\/\/www.grupoferrocarril.com\/blog\/#website"},"primaryImageOfPage":{"@id":"https:\/\/www.grupoferrocarril.com\/blog\/vivienda-protegida-en-valdebebas\/#primaryimage"},"image":{"@id":"https:\/\/www.grupoferrocarril.com\/blog\/vivienda-protegida-en-valdebebas\/#primaryimage"},"thumbnailUrl":"http:\/\/inmoferrocarril.com\/img\/promociones\/46\/681_zona-interior06.jpg","datePublished":"2010-12-30T13:22:59+00:00","author":{"@id":"https:\/\/www.grupoferrocarril.com\/blog\/#\/schema\/person\/9c02fc15bd75bbe9322fea01d5b93497"},"breadcrumb":{"@id":"https:\/\/www.grupoferrocarril.com\/blog\/vivienda-protegida-en-valdebebas\/#breadcrumb"},"inLanguage":"es","potentialAction":[{"@type":"ReadAction","target":["https:\/\/www.grupoferrocarril.com\/blog\/vivienda-protegida-en-valdebebas\/"]}]},{"@type":"ImageObject","inLanguage":"es","@id":"https:\/\/www.grupoferrocarril.com\/blog\/vivienda-protegida-en-valdebebas\/#primaryimage","url":"http:\/\/inmoferrocarril.com\/img\/promociones\/46\/681_zona-interior06.jpg","contentUrl":"http:\/\/inmoferrocarril.com\/img\/promociones\/46\/681_zona-interior06.jpg"},{"@type":"BreadcrumbList","@id":"https:\/\/www.grupoferrocarril.com\/blog\/vivienda-protegida-en-valdebebas\/#breadcrumb","itemListElement":[{"@type":"ListItem","position":1,"name":"Portada","item":"https:\/\/www.grupoferrocarril.com\/blog\/"},{"@type":"ListItem","position":2,"name":"Vivienda Protegida en Valdebebas"}]},{"@type":"WebSite","@id":"https:\/\/www.grupoferrocarril.com\/blog\/#website","url":"https:\/\/www.grupoferrocarril.com\/blog\/","name":"Grupo Inmobiliario Ferrocarril | Blog","description":"Venta de pisos y casas de obra nueva","potentialAction":[{"@type":"SearchAction","target":{"@type":"EntryPoint","urlTemplate":"https:\/\/www.grupoferrocarril.com\/blog\/?s={search_term_string}"},"query-input":{"@type":"PropertyValueSpecification","valueRequired":true,"valueName":"search_term_string"}}],"inLanguage":"es"},{"@type":"Person","@id":"https:\/\/www.grupoferrocarril.com\/blog\/#\/schema\/person\/9c02fc15bd75bbe9322fea01d5b93497","name":"Grupo Ferrocarril","image":{"@type":"ImageObject","inLanguage":"es","@id":"https:\/\/www.grupoferrocarril.com\/blog\/wp-content\/uploads\/2019\/05\/avatar-150x150.jpg","url":"https:\/\/www.grupoferrocarril.com\/blog\/wp-content\/uploads\/2019\/05\/avatar-150x150.jpg","contentUrl":"https:\/\/www.grupoferrocarril.com\/blog\/wp-content\/uploads\/2019\/05\/avatar-150x150.jpg","caption":"Grupo Ferrocarril"},"url":"https:\/\/www.grupoferrocarril.com\/blog\/author\/ferrocarril\/"}]}},"_links":{"self":[{"href":"https:\/\/www.grupoferrocarril.com\/blog\/wp-json\/wp\/v2\/posts\/217","targetHints":{"allow":["GET"]}}],"collection":[{"href":"https:\/\/www.grupoferrocarril.com\/blog\/wp-json\/wp\/v2\/posts"}],"about":[{"href":"https:\/\/www.grupoferrocarril.com\/blog\/wp-json\/wp\/v2\/types\/post"}],"author":[{"embeddable":true,"href":"https:\/\/www.grupoferrocarril.com\/blog\/wp-json\/wp\/v2\/users\/4"}],"replies":[{"embeddable":true,"href":"https:\/\/www.grupoferrocarril.com\/blog\/wp-json\/wp\/v2\/comments?post=217"}],"version-history":[{"count":0,"href":"https:\/\/www.grupoferrocarril.com\/blog\/wp-json\/wp\/v2\/posts\/217\/revisions"}],"wp:attachment":[{"href":"https:\/\/www.grupoferrocarril.com\/blog\/wp-json\/wp\/v2\/media?parent=217"}],"wp:term":[{"taxonomy":"category","embeddable":true,"href":"https:\/\/www.grupoferrocarril.com\/blog\/wp-json\/wp\/v2\/categories?post=217"},{"taxonomy":"post_tag","embeddable":true,"href":"https:\/\/www.grupoferrocarril.com\/blog\/wp-json\/wp\/v2\/tags?post=217"}],"curies":[{"name":"wp","href":"https:\/\/api.w.org\/{rel}","templated":true}]}}