{"id":2067,"date":"2012-11-27T14:30:48","date_gmt":"2012-11-27T12:30:48","guid":{"rendered":"http:\/\/www.inmoferrocarril.com\/blog\/?p=2067"},"modified":"2019-06-20T20:40:28","modified_gmt":"2019-06-20T18:40:28","slug":"venta-pisos-obra-nueva-madrid-valdebebas-i-27112012","status":"publish","type":"post","link":"https:\/\/www.grupoferrocarril.com\/blog\/venta-pisos-obra-nueva-madrid-valdebebas-i-27112012\/","title":{"rendered":"Valdebebas I (27\/11\/2012)"},"content":{"rendered":"<p style=\"text-align: justify;\">Obras en Valdebebas I. Promoci\u00f3n de viviendas VPPB de 2 y 3 dormitorios con dos ba\u00f1os y garaje. Segunda plaza de garaje opcional.<br \/>\nSe encuentra situada en una de las mejores zonas de Madrid, a pocos minutos de Plaza de Castilla y cerca del Aeropuerto de Madrid Barajas. Limita al norte con la Moraleja y el Encinar de los Reyes y al oeste con el nuevo Barrio de Sanchinarro. Esta nueva zona residencial, supondr\u00e1 un espacio singular, con amplios espacios verdes, actividad econ\u00f3mica, administrativa, residencial, ocio y equipamientos, en un entorno de alta calidad y moderno dise\u00f1o urbano, con unas infraestructuras que garantizan la mejor accesibilidad; por ello, en Valdebebas se han planificado grandes accesos a las importantes v\u00edas circundantes, y se prev\u00e9 la ampliaci\u00f3n de las l\u00edneas de Cercan\u00edas y Metro, con paradas proyectadas en la Urbanizaci\u00f3n.<\/p>\n<p><a href=\"https:\/\/www.grupoferrocarril.com\/blog\/wp-content\/uploads\/2012\/11\/DSC_0337.jpg\"><img loading=\"lazy\" decoding=\"async\" class=\"alignleft size-full wp-image-2068\" title=\"DSC_0337\" src=\"https:\/\/www.grupoferrocarril.com\/blog\/wp-content\/uploads\/2012\/11\/DSC_0337.jpg\" alt=\"\" width=\"3264\" height=\"1836\"><\/a><a href=\"https:\/\/www.grupoferrocarril.com\/blog\/wp-content\/uploads\/2012\/11\/DSC_0332.jpg\"><img loading=\"lazy\" decoding=\"async\" class=\"alignleft size-full wp-image-2069\" title=\"DSC_0332\" src=\"https:\/\/www.grupoferrocarril.com\/blog\/wp-content\/uploads\/2012\/11\/DSC_0332.jpg\" alt=\"\" width=\"3264\" height=\"1836\"><\/a><a href=\"https:\/\/www.grupoferrocarril.com\/blog\/wp-content\/uploads\/2012\/11\/DSC_0333.jpg\"><img loading=\"lazy\" decoding=\"async\" class=\"alignleft size-full wp-image-2070\" title=\"DSC_0333\" src=\"https:\/\/www.grupoferrocarril.com\/blog\/wp-content\/uploads\/2012\/11\/DSC_0333.jpg\" alt=\"\" width=\"1836\" height=\"3264\"><\/a><a href=\"https:\/\/www.grupoferrocarril.com\/blog\/wp-content\/uploads\/2012\/11\/DSC_0317.jpg\"><img loading=\"lazy\" decoding=\"async\" class=\"alignleft size-full wp-image-2071\" title=\"DSC_0317\" src=\"https:\/\/www.grupoferrocarril.com\/blog\/wp-content\/uploads\/2012\/11\/DSC_0317.jpg\" alt=\"\" width=\"3264\" height=\"1836\"><\/a><\/p>\n","protected":false},"excerpt":{"rendered":"<p>Obras en Valdebebas I. Promoci\u00f3n de viviendas VPPB de 2 [&hellip;]<\/p>\n","protected":false},"author":4,"featured_media":4312,"comment_status":"open","ping_status":"closed","sticky":false,"template":"","format":"standard","meta":{"ngg_post_thumbnail":0,"footnotes":""},"categories":[179],"tags":[203,12],"class_list":["post-2067","post","type-post","status-publish","format-standard","has-post-thumbnail","hentry","category-promociones","tag-valdebebas-i","tag-vppb"],"yoast_head":"<!-- This site is optimized with the Yoast SEO plugin v27.5 - https:\/\/yoast.com\/product\/yoast-seo-wordpress\/ -->\r\n<title>Valdebebas I (27\/11\/2012) - Grupo Inmobiliario Ferrocarril | Blog<\/title>\r\n<meta name=\"description\" content=\"Obras en Valdebebas I. Promoci\u00f3n de viviendas VPPB de 2 y 3 dormitorios con dos ba\u00f1os y garaje. Segunda plaza de garaje opcional.\" \/>\r\n<meta name=\"robots\" content=\"index, follow, max-snippet:-1, max-image-preview:large, max-video-preview:-1\" \/>\r\n<link rel=\"canonical\" href=\"https:\/\/www.grupoferrocarril.com\/blog\/venta-pisos-obra-nueva-madrid-valdebebas-i-27112012\/\" \/>\r\n<meta property=\"og:locale\" content=\"es_ES\" \/>\r\n<meta property=\"og:type\" content=\"article\" \/>\r\n<meta property=\"og:title\" content=\"Valdebebas I (27\/11\/2012) - Grupo Inmobiliario Ferrocarril | Blog\" \/>\r\n<meta property=\"og:description\" content=\"Obras en Valdebebas I. Promoci\u00f3n de viviendas VPPB de 2 y 3 dormitorios con dos ba\u00f1os y garaje. Segunda plaza de garaje opcional.\" \/>\r\n<meta property=\"og:url\" content=\"https:\/\/www.grupoferrocarril.com\/blog\/venta-pisos-obra-nueva-madrid-valdebebas-i-27112012\/\" \/>\r\n<meta property=\"og:site_name\" content=\"Grupo Inmobiliario Ferrocarril | Blog\" \/>\r\n<meta property=\"article:published_time\" content=\"2012-11-27T12:30:48+00:00\" \/>\r\n<meta property=\"article:modified_time\" content=\"2019-06-20T18:40:28+00:00\" \/>\r\n<meta property=\"og:image\" content=\"https:\/\/www.grupoferrocarril.com\/blog\/wp-content\/uploads\/2012\/11\/venta-pisos-obra-nueva-madrid-sevilla-alicante-95.jpg\" \/>\r\n\t<meta property=\"og:image:width\" content=\"1200\" \/>\r\n\t<meta property=\"og:image:height\" content=\"630\" \/>\r\n\t<meta property=\"og:image:type\" content=\"image\/jpeg\" \/>\r\n<meta name=\"author\" content=\"Grupo Ferrocarril\" \/>\r\n<meta name=\"twitter:card\" content=\"summary_large_image\" \/>\r\n<meta name=\"twitter:label1\" content=\"Escrito por\" \/>\n\t<meta name=\"twitter:data1\" content=\"Grupo Ferrocarril\" \/>\n\t<meta name=\"twitter:label2\" content=\"Tiempo de lectura\" \/>\n\t<meta name=\"twitter:data2\" content=\"1 minuto\" \/>\r\n<script type=\"application\/ld+json\" class=\"yoast-schema-graph\">{\"@context\":\"https:\\\/\\\/schema.org\",\"@graph\":[{\"@type\":\"Article\",\"@id\":\"https:\\\/\\\/www.grupoferrocarril.com\\\/blog\\\/venta-pisos-obra-nueva-madrid-valdebebas-i-27112012\\\/#article\",\"isPartOf\":{\"@id\":\"https:\\\/\\\/www.grupoferrocarril.com\\\/blog\\\/venta-pisos-obra-nueva-madrid-valdebebas-i-27112012\\\/\"},\"author\":{\"name\":\"Grupo Ferrocarril\",\"@id\":\"https:\\\/\\\/www.grupoferrocarril.com\\\/blog\\\/#\\\/schema\\\/person\\\/9c02fc15bd75bbe9322fea01d5b93497\"},\"headline\":\"Valdebebas I (27\\\/11\\\/2012)\",\"datePublished\":\"2012-11-27T12:30:48+00:00\",\"dateModified\":\"2019-06-20T18:40:28+00:00\",\"mainEntityOfPage\":{\"@id\":\"https:\\\/\\\/www.grupoferrocarril.com\\\/blog\\\/venta-pisos-obra-nueva-madrid-valdebebas-i-27112012\\\/\"},\"wordCount\":147,\"commentCount\":0,\"image\":{\"@id\":\"https:\\\/\\\/www.grupoferrocarril.com\\\/blog\\\/venta-pisos-obra-nueva-madrid-valdebebas-i-27112012\\\/#primaryimage\"},\"thumbnailUrl\":\"https:\\\/\\\/www.grupoferrocarril.com\\\/blog\\\/wp-content\\\/uploads\\\/2012\\\/11\\\/venta-pisos-obra-nueva-madrid-sevilla-alicante-95.jpg\",\"keywords\":[\"Valdebebas I\",\"vppb\"],\"articleSection\":[\"Promociones\"],\"inLanguage\":\"es\",\"potentialAction\":[{\"@type\":\"CommentAction\",\"name\":\"Comment\",\"target\":[\"https:\\\/\\\/www.grupoferrocarril.com\\\/blog\\\/venta-pisos-obra-nueva-madrid-valdebebas-i-27112012\\\/#respond\"]}]},{\"@type\":\"WebPage\",\"@id\":\"https:\\\/\\\/www.grupoferrocarril.com\\\/blog\\\/venta-pisos-obra-nueva-madrid-valdebebas-i-27112012\\\/\",\"url\":\"https:\\\/\\\/www.grupoferrocarril.com\\\/blog\\\/venta-pisos-obra-nueva-madrid-valdebebas-i-27112012\\\/\",\"name\":\"Valdebebas I (27\\\/11\\\/2012) - Grupo Inmobiliario Ferrocarril | Blog\",\"isPartOf\":{\"@id\":\"https:\\\/\\\/www.grupoferrocarril.com\\\/blog\\\/#website\"},\"primaryImageOfPage\":{\"@id\":\"https:\\\/\\\/www.grupoferrocarril.com\\\/blog\\\/venta-pisos-obra-nueva-madrid-valdebebas-i-27112012\\\/#primaryimage\"},\"image\":{\"@id\":\"https:\\\/\\\/www.grupoferrocarril.com\\\/blog\\\/venta-pisos-obra-nueva-madrid-valdebebas-i-27112012\\\/#primaryimage\"},\"thumbnailUrl\":\"https:\\\/\\\/www.grupoferrocarril.com\\\/blog\\\/wp-content\\\/uploads\\\/2012\\\/11\\\/venta-pisos-obra-nueva-madrid-sevilla-alicante-95.jpg\",\"datePublished\":\"2012-11-27T12:30:48+00:00\",\"dateModified\":\"2019-06-20T18:40:28+00:00\",\"author\":{\"@id\":\"https:\\\/\\\/www.grupoferrocarril.com\\\/blog\\\/#\\\/schema\\\/person\\\/9c02fc15bd75bbe9322fea01d5b93497\"},\"description\":\"Obras en Valdebebas I. Promoci\u00f3n de viviendas VPPB de 2 y 3 dormitorios con dos ba\u00f1os y garaje. Segunda plaza de garaje opcional.\",\"breadcrumb\":{\"@id\":\"https:\\\/\\\/www.grupoferrocarril.com\\\/blog\\\/venta-pisos-obra-nueva-madrid-valdebebas-i-27112012\\\/#breadcrumb\"},\"inLanguage\":\"es\",\"potentialAction\":[{\"@type\":\"ReadAction\",\"target\":[\"https:\\\/\\\/www.grupoferrocarril.com\\\/blog\\\/venta-pisos-obra-nueva-madrid-valdebebas-i-27112012\\\/\"]}]},{\"@type\":\"ImageObject\",\"inLanguage\":\"es\",\"@id\":\"https:\\\/\\\/www.grupoferrocarril.com\\\/blog\\\/venta-pisos-obra-nueva-madrid-valdebebas-i-27112012\\\/#primaryimage\",\"url\":\"https:\\\/\\\/www.grupoferrocarril.com\\\/blog\\\/wp-content\\\/uploads\\\/2012\\\/11\\\/venta-pisos-obra-nueva-madrid-sevilla-alicante-95.jpg\",\"contentUrl\":\"https:\\\/\\\/www.grupoferrocarril.com\\\/blog\\\/wp-content\\\/uploads\\\/2012\\\/11\\\/venta-pisos-obra-nueva-madrid-sevilla-alicante-95.jpg\",\"width\":1200,\"height\":630,\"caption\":\"Venta de pisos de obra nueva en Madrid, Alicante y Sevilla\"},{\"@type\":\"BreadcrumbList\",\"@id\":\"https:\\\/\\\/www.grupoferrocarril.com\\\/blog\\\/venta-pisos-obra-nueva-madrid-valdebebas-i-27112012\\\/#breadcrumb\",\"itemListElement\":[{\"@type\":\"ListItem\",\"position\":1,\"name\":\"Portada\",\"item\":\"https:\\\/\\\/www.grupoferrocarril.com\\\/blog\\\/\"},{\"@type\":\"ListItem\",\"position\":2,\"name\":\"Valdebebas I (27\\\/11\\\/2012)\"}]},{\"@type\":\"WebSite\",\"@id\":\"https:\\\/\\\/www.grupoferrocarril.com\\\/blog\\\/#website\",\"url\":\"https:\\\/\\\/www.grupoferrocarril.com\\\/blog\\\/\",\"name\":\"Grupo Inmobiliario Ferrocarril | Blog\",\"description\":\"Venta de pisos y casas de obra nueva\",\"potentialAction\":[{\"@type\":\"SearchAction\",\"target\":{\"@type\":\"EntryPoint\",\"urlTemplate\":\"https:\\\/\\\/www.grupoferrocarril.com\\\/blog\\\/?s={search_term_string}\"},\"query-input\":{\"@type\":\"PropertyValueSpecification\",\"valueRequired\":true,\"valueName\":\"search_term_string\"}}],\"inLanguage\":\"es\"},{\"@type\":\"Person\",\"@id\":\"https:\\\/\\\/www.grupoferrocarril.com\\\/blog\\\/#\\\/schema\\\/person\\\/9c02fc15bd75bbe9322fea01d5b93497\",\"name\":\"Grupo Ferrocarril\",\"image\":{\"@type\":\"ImageObject\",\"inLanguage\":\"es\",\"@id\":\"https:\\\/\\\/www.grupoferrocarril.com\\\/blog\\\/wp-content\\\/uploads\\\/2019\\\/05\\\/avatar-150x150.jpg\",\"url\":\"https:\\\/\\\/www.grupoferrocarril.com\\\/blog\\\/wp-content\\\/uploads\\\/2019\\\/05\\\/avatar-150x150.jpg\",\"contentUrl\":\"https:\\\/\\\/www.grupoferrocarril.com\\\/blog\\\/wp-content\\\/uploads\\\/2019\\\/05\\\/avatar-150x150.jpg\",\"caption\":\"Grupo Ferrocarril\"},\"url\":\"https:\\\/\\\/www.grupoferrocarril.com\\\/blog\\\/author\\\/ferrocarril\\\/\"}]}<\/script>\r\n<!-- \/ Yoast SEO plugin. -->","yoast_head_json":{"title":"Valdebebas I (27\/11\/2012) - Grupo Inmobiliario Ferrocarril | Blog","description":"Obras en Valdebebas I. Promoci\u00f3n de viviendas VPPB de 2 y 3 dormitorios con dos ba\u00f1os y garaje. Segunda plaza de garaje opcional.","robots":{"index":"index","follow":"follow","max-snippet":"max-snippet:-1","max-image-preview":"max-image-preview:large","max-video-preview":"max-video-preview:-1"},"canonical":"https:\/\/www.grupoferrocarril.com\/blog\/venta-pisos-obra-nueva-madrid-valdebebas-i-27112012\/","og_locale":"es_ES","og_type":"article","og_title":"Valdebebas I (27\/11\/2012) - Grupo Inmobiliario Ferrocarril | Blog","og_description":"Obras en Valdebebas I. Promoci\u00f3n de viviendas VPPB de 2 y 3 dormitorios con dos ba\u00f1os y garaje. Segunda plaza de garaje opcional.","og_url":"https:\/\/www.grupoferrocarril.com\/blog\/venta-pisos-obra-nueva-madrid-valdebebas-i-27112012\/","og_site_name":"Grupo Inmobiliario Ferrocarril | Blog","article_published_time":"2012-11-27T12:30:48+00:00","article_modified_time":"2019-06-20T18:40:28+00:00","og_image":[{"width":1200,"height":630,"url":"https:\/\/www.grupoferrocarril.com\/blog\/wp-content\/uploads\/2012\/11\/venta-pisos-obra-nueva-madrid-sevilla-alicante-95.jpg","type":"image\/jpeg"}],"author":"Grupo Ferrocarril","twitter_card":"summary_large_image","twitter_misc":{"Escrito por":"Grupo Ferrocarril","Tiempo de lectura":"1 minuto"},"schema":{"@context":"https:\/\/schema.org","@graph":[{"@type":"Article","@id":"https:\/\/www.grupoferrocarril.com\/blog\/venta-pisos-obra-nueva-madrid-valdebebas-i-27112012\/#article","isPartOf":{"@id":"https:\/\/www.grupoferrocarril.com\/blog\/venta-pisos-obra-nueva-madrid-valdebebas-i-27112012\/"},"author":{"name":"Grupo Ferrocarril","@id":"https:\/\/www.grupoferrocarril.com\/blog\/#\/schema\/person\/9c02fc15bd75bbe9322fea01d5b93497"},"headline":"Valdebebas I (27\/11\/2012)","datePublished":"2012-11-27T12:30:48+00:00","dateModified":"2019-06-20T18:40:28+00:00","mainEntityOfPage":{"@id":"https:\/\/www.grupoferrocarril.com\/blog\/venta-pisos-obra-nueva-madrid-valdebebas-i-27112012\/"},"wordCount":147,"commentCount":0,"image":{"@id":"https:\/\/www.grupoferrocarril.com\/blog\/venta-pisos-obra-nueva-madrid-valdebebas-i-27112012\/#primaryimage"},"thumbnailUrl":"https:\/\/www.grupoferrocarril.com\/blog\/wp-content\/uploads\/2012\/11\/venta-pisos-obra-nueva-madrid-sevilla-alicante-95.jpg","keywords":["Valdebebas I","vppb"],"articleSection":["Promociones"],"inLanguage":"es","potentialAction":[{"@type":"CommentAction","name":"Comment","target":["https:\/\/www.grupoferrocarril.com\/blog\/venta-pisos-obra-nueva-madrid-valdebebas-i-27112012\/#respond"]}]},{"@type":"WebPage","@id":"https:\/\/www.grupoferrocarril.com\/blog\/venta-pisos-obra-nueva-madrid-valdebebas-i-27112012\/","url":"https:\/\/www.grupoferrocarril.com\/blog\/venta-pisos-obra-nueva-madrid-valdebebas-i-27112012\/","name":"Valdebebas I (27\/11\/2012) - Grupo Inmobiliario Ferrocarril | Blog","isPartOf":{"@id":"https:\/\/www.grupoferrocarril.com\/blog\/#website"},"primaryImageOfPage":{"@id":"https:\/\/www.grupoferrocarril.com\/blog\/venta-pisos-obra-nueva-madrid-valdebebas-i-27112012\/#primaryimage"},"image":{"@id":"https:\/\/www.grupoferrocarril.com\/blog\/venta-pisos-obra-nueva-madrid-valdebebas-i-27112012\/#primaryimage"},"thumbnailUrl":"https:\/\/www.grupoferrocarril.com\/blog\/wp-content\/uploads\/2012\/11\/venta-pisos-obra-nueva-madrid-sevilla-alicante-95.jpg","datePublished":"2012-11-27T12:30:48+00:00","dateModified":"2019-06-20T18:40:28+00:00","author":{"@id":"https:\/\/www.grupoferrocarril.com\/blog\/#\/schema\/person\/9c02fc15bd75bbe9322fea01d5b93497"},"description":"Obras en Valdebebas I. Promoci\u00f3n de viviendas VPPB de 2 y 3 dormitorios con dos ba\u00f1os y garaje. Segunda plaza de garaje opcional.","breadcrumb":{"@id":"https:\/\/www.grupoferrocarril.com\/blog\/venta-pisos-obra-nueva-madrid-valdebebas-i-27112012\/#breadcrumb"},"inLanguage":"es","potentialAction":[{"@type":"ReadAction","target":["https:\/\/www.grupoferrocarril.com\/blog\/venta-pisos-obra-nueva-madrid-valdebebas-i-27112012\/"]}]},{"@type":"ImageObject","inLanguage":"es","@id":"https:\/\/www.grupoferrocarril.com\/blog\/venta-pisos-obra-nueva-madrid-valdebebas-i-27112012\/#primaryimage","url":"https:\/\/www.grupoferrocarril.com\/blog\/wp-content\/uploads\/2012\/11\/venta-pisos-obra-nueva-madrid-sevilla-alicante-95.jpg","contentUrl":"https:\/\/www.grupoferrocarril.com\/blog\/wp-content\/uploads\/2012\/11\/venta-pisos-obra-nueva-madrid-sevilla-alicante-95.jpg","width":1200,"height":630,"caption":"Venta de pisos de obra nueva en Madrid, Alicante y Sevilla"},{"@type":"BreadcrumbList","@id":"https:\/\/www.grupoferrocarril.com\/blog\/venta-pisos-obra-nueva-madrid-valdebebas-i-27112012\/#breadcrumb","itemListElement":[{"@type":"ListItem","position":1,"name":"Portada","item":"https:\/\/www.grupoferrocarril.com\/blog\/"},{"@type":"ListItem","position":2,"name":"Valdebebas I (27\/11\/2012)"}]},{"@type":"WebSite","@id":"https:\/\/www.grupoferrocarril.com\/blog\/#website","url":"https:\/\/www.grupoferrocarril.com\/blog\/","name":"Grupo Inmobiliario Ferrocarril | Blog","description":"Venta de pisos y casas de obra nueva","potentialAction":[{"@type":"SearchAction","target":{"@type":"EntryPoint","urlTemplate":"https:\/\/www.grupoferrocarril.com\/blog\/?s={search_term_string}"},"query-input":{"@type":"PropertyValueSpecification","valueRequired":true,"valueName":"search_term_string"}}],"inLanguage":"es"},{"@type":"Person","@id":"https:\/\/www.grupoferrocarril.com\/blog\/#\/schema\/person\/9c02fc15bd75bbe9322fea01d5b93497","name":"Grupo Ferrocarril","image":{"@type":"ImageObject","inLanguage":"es","@id":"https:\/\/www.grupoferrocarril.com\/blog\/wp-content\/uploads\/2019\/05\/avatar-150x150.jpg","url":"https:\/\/www.grupoferrocarril.com\/blog\/wp-content\/uploads\/2019\/05\/avatar-150x150.jpg","contentUrl":"https:\/\/www.grupoferrocarril.com\/blog\/wp-content\/uploads\/2019\/05\/avatar-150x150.jpg","caption":"Grupo Ferrocarril"},"url":"https:\/\/www.grupoferrocarril.com\/blog\/author\/ferrocarril\/"}]}},"_links":{"self":[{"href":"https:\/\/www.grupoferrocarril.com\/blog\/wp-json\/wp\/v2\/posts\/2067","targetHints":{"allow":["GET"]}}],"collection":[{"href":"https:\/\/www.grupoferrocarril.com\/blog\/wp-json\/wp\/v2\/posts"}],"about":[{"href":"https:\/\/www.grupoferrocarril.com\/blog\/wp-json\/wp\/v2\/types\/post"}],"author":[{"embeddable":true,"href":"https:\/\/www.grupoferrocarril.com\/blog\/wp-json\/wp\/v2\/users\/4"}],"replies":[{"embeddable":true,"href":"https:\/\/www.grupoferrocarril.com\/blog\/wp-json\/wp\/v2\/comments?post=2067"}],"version-history":[{"count":3,"href":"https:\/\/www.grupoferrocarril.com\/blog\/wp-json\/wp\/v2\/posts\/2067\/revisions"}],"predecessor-version":[{"id":4313,"href":"https:\/\/www.grupoferrocarril.com\/blog\/wp-json\/wp\/v2\/posts\/2067\/revisions\/4313"}],"wp:featuredmedia":[{"embeddable":true,"href":"https:\/\/www.grupoferrocarril.com\/blog\/wp-json\/wp\/v2\/media\/4312"}],"wp:attachment":[{"href":"https:\/\/www.grupoferrocarril.com\/blog\/wp-json\/wp\/v2\/media?parent=2067"}],"wp:term":[{"taxonomy":"category","embeddable":true,"href":"https:\/\/www.grupoferrocarril.com\/blog\/wp-json\/wp\/v2\/categories?post=2067"},{"taxonomy":"post_tag","embeddable":true,"href":"https:\/\/www.grupoferrocarril.com\/blog\/wp-json\/wp\/v2\/tags?post=2067"}],"curies":[{"name":"wp","href":"https:\/\/api.w.org\/{rel}","templated":true}]}}