{"id":157,"date":"2010-05-26T10:16:51","date_gmt":"2010-05-26T08:16:51","guid":{"rendered":"https:\/\/www.grupoferrocarril.com\/blog\/?p=157"},"modified":"2010-05-26T10:16:51","modified_gmt":"2010-05-26T08:16:51","slug":"la-vivienda-protegida-protagonista-de-la-ultima-edicion-del-sima","status":"publish","type":"post","link":"https:\/\/www.grupoferrocarril.com\/blog\/la-vivienda-protegida-protagonista-de-la-ultima-edicion-del-sima\/","title":{"rendered":"La vivienda protegida, protagonista de la \u00faltima edici\u00f3n del SIMA"},"content":{"rendered":"<p>Pasear por el Sal\u00f3n Inmobiliario de Madrid (SIMA) es como verse inmerso en la actual situaci\u00f3n del mercado inmobiliario espa\u00f1ol. Mucha vivienda finalizada que busca comprador; entidades financieras que en vez de abrir cuentas venden casas (Altamira\/Santander, Aliseda\/Banco Popular, H\u00e1bitat-Bancaja, Caja Madrid, Ibercaja, etc.); escasa promoci\u00f3n de obra nueva, y una elevada oferta de vivienda de protecci\u00f3n (acapar\u00f3 m\u00e1s de la cuarta parte del recinto), ubicada principalmente en los nuevos y futuros barrios de la capital (Ensache de Vallecas, Sanchinarro o Valdebebas, el desarrollo estrella de esta edici\u00f3n).<\/p>\n<p><img decoding=\"async\" src=\"http:\/\/www.alimarket.es\/media\/images\/20090607\/detalle_art\/35707\/65100_preview.jpg\" alt=\"vivienda protegida\" style=\"float:left;margin-right:10px;\" \/>El ocaso inmobiliario ha transformado al SIMA, que ha pasado de ser uno de los principales salones inmobiliarios de \u00e1mbito mundial, con media docena de pabellones, algunos monotem\u00e1ticos y especializados en segundas residencias en el litoral espa\u00f1ol, a concentrar ahora toda su oferta en \u00fanico pabell\u00f3n y compartir semana con otros salones como Genera o el del Autom\u00f3vil Ecol\u00f3gico, que le han robado protagonismo. Sin embargo, el sal\u00f3n ha ido recibiendo a un p\u00fablico m\u00e1s selecto, menos \u201ccurioso\u201d y m\u00e1s ajustando al perfil de comprador que todo expositor quiere ver en su stand: pareja joven que busca su primera vivienda a precio protegido o de mediana edad que quiere cambiar de casa. Aunque la Comunidad de Madrid concentraba el 48% de la oferta, tambi\u00e9n hab\u00eda oportunidades en la costa, sobre todo en la de Galicia, Cantabria y Asturias. Tampoco ha perdido su car\u00e1cter internacional, pues en esta edici\u00f3n estuvieron presentes inmobiliarias de 17 pa\u00edses, con el objetivo de atraer a las rentas m\u00e1s altas \u201cantes de que el Gobierno les aumente sus impuestos\u201d.<\/p>\n<p>En los \u00faltimos a\u00f1os el tama\u00f1o del SIMA se ha ido ajustando a la demanda inmobiliaria y muy lejos quedan ya las m\u00e1s de 150.000 visitas que registr\u00f3 en 2007. Esta duod\u00e9cima edici\u00f3n ha recibido unos 50.000 visitantes, 10.000 menos que las registradas el a\u00f1o pasado, aunque el balance que interesa a los expositores no se har\u00e1 hasta dentro de unas cuantas semanas cuando empiecen a comprobar cu\u00e1ntas reservas se convierten finalmente en pre-ventas.<\/p>\n<p>Atr\u00e1s han quedado los sonados descuentos, los viajes, los coches \u201cregalados\u201d por adquirir una vivienda en plena feria. \u201cEl precio est\u00e1 tan ajustado, que es imposible rebajarlo m\u00e1s\u201d, se oye una y otra vez en cada uno de los m\u00e1s de 250 stand de la feria. Jos\u00e9 Manuel Galindo, presidente de la Asociaci\u00f3n de Promotores Constructores de Espa\u00f1a (APCE) as\u00ed lo constata: \u201cLos promotores han hecho ya todo el esfuerzo\u201d, y apunta que los \u00fanicos con margen para la rebaja son los inmuebles que obran en poder de los bancos. Tampoco se ven los rostros famosos de anta\u00f1o, futbolistas, modelos o presentadores contratados a golpe de talonario. Por los cuatro d\u00edas que dur\u00f3 el evento s\u00f3lo han desfilado pol\u00edticos locales, regionales y estatales que, a pesar de los recortes sociales y de subidas como la del IVA, confirman sin embargo, que, tras dos a\u00f1os de ajustes de precios, el momento de comprar una vivienda ya ha llegado.<\/p>\n","protected":false},"excerpt":{"rendered":"<p>Pasear por el Sal\u00f3n Inmobiliario de Madrid (SIMA) es como [&hellip;]<\/p>\n","protected":false},"author":4,"featured_media":0,"comment_status":"closed","ping_status":"closed","sticky":false,"template":"","format":"standard","meta":{"ngg_post_thumbnail":0,"footnotes":""},"categories":[3],"tags":[4],"class_list":["post-157","post","type-post","status-publish","format-standard","hentry","category-uncategorized","tag-vivienda-protegida-madrid"],"yoast_head":"<!-- This site is optimized with the Yoast SEO plugin v27.5 - https:\/\/yoast.com\/product\/yoast-seo-wordpress\/ -->\r\n<title>La vivienda protegida, protagonista de la \u00faltima edici\u00f3n del SIMA - Grupo Inmobiliario Ferrocarril | Blog<\/title>\r\n<meta name=\"robots\" content=\"index, follow, max-snippet:-1, max-image-preview:large, max-video-preview:-1\" \/>\r\n<link rel=\"canonical\" href=\"https:\/\/www.grupoferrocarril.com\/blog\/la-vivienda-protegida-protagonista-de-la-ultima-edicion-del-sima\/\" \/>\r\n<meta property=\"og:locale\" content=\"es_ES\" \/>\r\n<meta property=\"og:type\" content=\"article\" \/>\r\n<meta property=\"og:title\" content=\"La vivienda protegida, protagonista de la \u00faltima edici\u00f3n del SIMA - Grupo Inmobiliario Ferrocarril | Blog\" \/>\r\n<meta property=\"og:description\" content=\"Pasear por el Sal\u00f3n Inmobiliario de Madrid (SIMA) es como [&hellip;]\" \/>\r\n<meta property=\"og:url\" content=\"https:\/\/www.grupoferrocarril.com\/blog\/la-vivienda-protegida-protagonista-de-la-ultima-edicion-del-sima\/\" \/>\r\n<meta property=\"og:site_name\" content=\"Grupo Inmobiliario Ferrocarril | Blog\" \/>\r\n<meta property=\"article:published_time\" content=\"2010-05-26T08:16:51+00:00\" \/>\r\n<meta property=\"og:image\" content=\"http:\/\/www.alimarket.es\/media\/images\/20090607\/detalle_art\/35707\/65100_preview.jpg\" \/>\r\n<meta name=\"author\" content=\"Grupo Ferrocarril\" \/>\r\n<meta name=\"twitter:card\" content=\"summary_large_image\" \/>\r\n<meta name=\"twitter:label1\" content=\"Escrito por\" \/>\n\t<meta name=\"twitter:data1\" content=\"Grupo Ferrocarril\" \/>\n\t<meta name=\"twitter:label2\" content=\"Tiempo de lectura\" \/>\n\t<meta name=\"twitter:data2\" content=\"3 minutos\" \/>\r\n<script type=\"application\/ld+json\" class=\"yoast-schema-graph\">{\"@context\":\"https:\\\/\\\/schema.org\",\"@graph\":[{\"@type\":\"Article\",\"@id\":\"https:\\\/\\\/www.grupoferrocarril.com\\\/blog\\\/la-vivienda-protegida-protagonista-de-la-ultima-edicion-del-sima\\\/#article\",\"isPartOf\":{\"@id\":\"https:\\\/\\\/www.grupoferrocarril.com\\\/blog\\\/la-vivienda-protegida-protagonista-de-la-ultima-edicion-del-sima\\\/\"},\"author\":{\"name\":\"Grupo Ferrocarril\",\"@id\":\"https:\\\/\\\/www.grupoferrocarril.com\\\/blog\\\/#\\\/schema\\\/person\\\/9c02fc15bd75bbe9322fea01d5b93497\"},\"headline\":\"La vivienda protegida, protagonista de la \u00faltima edici\u00f3n del SIMA\",\"datePublished\":\"2010-05-26T08:16:51+00:00\",\"mainEntityOfPage\":{\"@id\":\"https:\\\/\\\/www.grupoferrocarril.com\\\/blog\\\/la-vivienda-protegida-protagonista-de-la-ultima-edicion-del-sima\\\/\"},\"wordCount\":538,\"image\":{\"@id\":\"https:\\\/\\\/www.grupoferrocarril.com\\\/blog\\\/la-vivienda-protegida-protagonista-de-la-ultima-edicion-del-sima\\\/#primaryimage\"},\"thumbnailUrl\":\"http:\\\/\\\/www.alimarket.es\\\/media\\\/images\\\/20090607\\\/detalle_art\\\/35707\\\/65100_preview.jpg\",\"keywords\":[\"vivienda protegida madrid\"],\"articleSection\":[\"General\"],\"inLanguage\":\"es\"},{\"@type\":\"WebPage\",\"@id\":\"https:\\\/\\\/www.grupoferrocarril.com\\\/blog\\\/la-vivienda-protegida-protagonista-de-la-ultima-edicion-del-sima\\\/\",\"url\":\"https:\\\/\\\/www.grupoferrocarril.com\\\/blog\\\/la-vivienda-protegida-protagonista-de-la-ultima-edicion-del-sima\\\/\",\"name\":\"La vivienda protegida, protagonista de la \u00faltima edici\u00f3n del SIMA - Grupo Inmobiliario Ferrocarril | Blog\",\"isPartOf\":{\"@id\":\"https:\\\/\\\/www.grupoferrocarril.com\\\/blog\\\/#website\"},\"primaryImageOfPage\":{\"@id\":\"https:\\\/\\\/www.grupoferrocarril.com\\\/blog\\\/la-vivienda-protegida-protagonista-de-la-ultima-edicion-del-sima\\\/#primaryimage\"},\"image\":{\"@id\":\"https:\\\/\\\/www.grupoferrocarril.com\\\/blog\\\/la-vivienda-protegida-protagonista-de-la-ultima-edicion-del-sima\\\/#primaryimage\"},\"thumbnailUrl\":\"http:\\\/\\\/www.alimarket.es\\\/media\\\/images\\\/20090607\\\/detalle_art\\\/35707\\\/65100_preview.jpg\",\"datePublished\":\"2010-05-26T08:16:51+00:00\",\"author\":{\"@id\":\"https:\\\/\\\/www.grupoferrocarril.com\\\/blog\\\/#\\\/schema\\\/person\\\/9c02fc15bd75bbe9322fea01d5b93497\"},\"breadcrumb\":{\"@id\":\"https:\\\/\\\/www.grupoferrocarril.com\\\/blog\\\/la-vivienda-protegida-protagonista-de-la-ultima-edicion-del-sima\\\/#breadcrumb\"},\"inLanguage\":\"es\",\"potentialAction\":[{\"@type\":\"ReadAction\",\"target\":[\"https:\\\/\\\/www.grupoferrocarril.com\\\/blog\\\/la-vivienda-protegida-protagonista-de-la-ultima-edicion-del-sima\\\/\"]}]},{\"@type\":\"ImageObject\",\"inLanguage\":\"es\",\"@id\":\"https:\\\/\\\/www.grupoferrocarril.com\\\/blog\\\/la-vivienda-protegida-protagonista-de-la-ultima-edicion-del-sima\\\/#primaryimage\",\"url\":\"http:\\\/\\\/www.alimarket.es\\\/media\\\/images\\\/20090607\\\/detalle_art\\\/35707\\\/65100_preview.jpg\",\"contentUrl\":\"http:\\\/\\\/www.alimarket.es\\\/media\\\/images\\\/20090607\\\/detalle_art\\\/35707\\\/65100_preview.jpg\"},{\"@type\":\"BreadcrumbList\",\"@id\":\"https:\\\/\\\/www.grupoferrocarril.com\\\/blog\\\/la-vivienda-protegida-protagonista-de-la-ultima-edicion-del-sima\\\/#breadcrumb\",\"itemListElement\":[{\"@type\":\"ListItem\",\"position\":1,\"name\":\"Portada\",\"item\":\"https:\\\/\\\/www.grupoferrocarril.com\\\/blog\\\/\"},{\"@type\":\"ListItem\",\"position\":2,\"name\":\"La vivienda protegida, protagonista de la \u00faltima edici\u00f3n del SIMA\"}]},{\"@type\":\"WebSite\",\"@id\":\"https:\\\/\\\/www.grupoferrocarril.com\\\/blog\\\/#website\",\"url\":\"https:\\\/\\\/www.grupoferrocarril.com\\\/blog\\\/\",\"name\":\"Grupo Inmobiliario Ferrocarril | Blog\",\"description\":\"Venta de pisos y casas de obra nueva\",\"potentialAction\":[{\"@type\":\"SearchAction\",\"target\":{\"@type\":\"EntryPoint\",\"urlTemplate\":\"https:\\\/\\\/www.grupoferrocarril.com\\\/blog\\\/?s={search_term_string}\"},\"query-input\":{\"@type\":\"PropertyValueSpecification\",\"valueRequired\":true,\"valueName\":\"search_term_string\"}}],\"inLanguage\":\"es\"},{\"@type\":\"Person\",\"@id\":\"https:\\\/\\\/www.grupoferrocarril.com\\\/blog\\\/#\\\/schema\\\/person\\\/9c02fc15bd75bbe9322fea01d5b93497\",\"name\":\"Grupo Ferrocarril\",\"image\":{\"@type\":\"ImageObject\",\"inLanguage\":\"es\",\"@id\":\"https:\\\/\\\/www.grupoferrocarril.com\\\/blog\\\/wp-content\\\/uploads\\\/2019\\\/05\\\/avatar-150x150.jpg\",\"url\":\"https:\\\/\\\/www.grupoferrocarril.com\\\/blog\\\/wp-content\\\/uploads\\\/2019\\\/05\\\/avatar-150x150.jpg\",\"contentUrl\":\"https:\\\/\\\/www.grupoferrocarril.com\\\/blog\\\/wp-content\\\/uploads\\\/2019\\\/05\\\/avatar-150x150.jpg\",\"caption\":\"Grupo Ferrocarril\"},\"url\":\"https:\\\/\\\/www.grupoferrocarril.com\\\/blog\\\/author\\\/ferrocarril\\\/\"}]}<\/script>\r\n<!-- \/ Yoast SEO plugin. -->","yoast_head_json":{"title":"La vivienda protegida, protagonista de la \u00faltima edici\u00f3n del SIMA - Grupo Inmobiliario Ferrocarril | Blog","robots":{"index":"index","follow":"follow","max-snippet":"max-snippet:-1","max-image-preview":"max-image-preview:large","max-video-preview":"max-video-preview:-1"},"canonical":"https:\/\/www.grupoferrocarril.com\/blog\/la-vivienda-protegida-protagonista-de-la-ultima-edicion-del-sima\/","og_locale":"es_ES","og_type":"article","og_title":"La vivienda protegida, protagonista de la \u00faltima edici\u00f3n del SIMA - Grupo Inmobiliario Ferrocarril | Blog","og_description":"Pasear por el Sal\u00f3n Inmobiliario de Madrid (SIMA) es como [&hellip;]","og_url":"https:\/\/www.grupoferrocarril.com\/blog\/la-vivienda-protegida-protagonista-de-la-ultima-edicion-del-sima\/","og_site_name":"Grupo Inmobiliario Ferrocarril | Blog","article_published_time":"2010-05-26T08:16:51+00:00","og_image":[{"url":"http:\/\/www.alimarket.es\/media\/images\/20090607\/detalle_art\/35707\/65100_preview.jpg","type":"","width":"","height":""}],"author":"Grupo Ferrocarril","twitter_card":"summary_large_image","twitter_misc":{"Escrito por":"Grupo Ferrocarril","Tiempo de lectura":"3 minutos"},"schema":{"@context":"https:\/\/schema.org","@graph":[{"@type":"Article","@id":"https:\/\/www.grupoferrocarril.com\/blog\/la-vivienda-protegida-protagonista-de-la-ultima-edicion-del-sima\/#article","isPartOf":{"@id":"https:\/\/www.grupoferrocarril.com\/blog\/la-vivienda-protegida-protagonista-de-la-ultima-edicion-del-sima\/"},"author":{"name":"Grupo Ferrocarril","@id":"https:\/\/www.grupoferrocarril.com\/blog\/#\/schema\/person\/9c02fc15bd75bbe9322fea01d5b93497"},"headline":"La vivienda protegida, protagonista de la \u00faltima edici\u00f3n del SIMA","datePublished":"2010-05-26T08:16:51+00:00","mainEntityOfPage":{"@id":"https:\/\/www.grupoferrocarril.com\/blog\/la-vivienda-protegida-protagonista-de-la-ultima-edicion-del-sima\/"},"wordCount":538,"image":{"@id":"https:\/\/www.grupoferrocarril.com\/blog\/la-vivienda-protegida-protagonista-de-la-ultima-edicion-del-sima\/#primaryimage"},"thumbnailUrl":"http:\/\/www.alimarket.es\/media\/images\/20090607\/detalle_art\/35707\/65100_preview.jpg","keywords":["vivienda protegida madrid"],"articleSection":["General"],"inLanguage":"es"},{"@type":"WebPage","@id":"https:\/\/www.grupoferrocarril.com\/blog\/la-vivienda-protegida-protagonista-de-la-ultima-edicion-del-sima\/","url":"https:\/\/www.grupoferrocarril.com\/blog\/la-vivienda-protegida-protagonista-de-la-ultima-edicion-del-sima\/","name":"La vivienda protegida, protagonista de la \u00faltima edici\u00f3n del SIMA - Grupo Inmobiliario Ferrocarril | Blog","isPartOf":{"@id":"https:\/\/www.grupoferrocarril.com\/blog\/#website"},"primaryImageOfPage":{"@id":"https:\/\/www.grupoferrocarril.com\/blog\/la-vivienda-protegida-protagonista-de-la-ultima-edicion-del-sima\/#primaryimage"},"image":{"@id":"https:\/\/www.grupoferrocarril.com\/blog\/la-vivienda-protegida-protagonista-de-la-ultima-edicion-del-sima\/#primaryimage"},"thumbnailUrl":"http:\/\/www.alimarket.es\/media\/images\/20090607\/detalle_art\/35707\/65100_preview.jpg","datePublished":"2010-05-26T08:16:51+00:00","author":{"@id":"https:\/\/www.grupoferrocarril.com\/blog\/#\/schema\/person\/9c02fc15bd75bbe9322fea01d5b93497"},"breadcrumb":{"@id":"https:\/\/www.grupoferrocarril.com\/blog\/la-vivienda-protegida-protagonista-de-la-ultima-edicion-del-sima\/#breadcrumb"},"inLanguage":"es","potentialAction":[{"@type":"ReadAction","target":["https:\/\/www.grupoferrocarril.com\/blog\/la-vivienda-protegida-protagonista-de-la-ultima-edicion-del-sima\/"]}]},{"@type":"ImageObject","inLanguage":"es","@id":"https:\/\/www.grupoferrocarril.com\/blog\/la-vivienda-protegida-protagonista-de-la-ultima-edicion-del-sima\/#primaryimage","url":"http:\/\/www.alimarket.es\/media\/images\/20090607\/detalle_art\/35707\/65100_preview.jpg","contentUrl":"http:\/\/www.alimarket.es\/media\/images\/20090607\/detalle_art\/35707\/65100_preview.jpg"},{"@type":"BreadcrumbList","@id":"https:\/\/www.grupoferrocarril.com\/blog\/la-vivienda-protegida-protagonista-de-la-ultima-edicion-del-sima\/#breadcrumb","itemListElement":[{"@type":"ListItem","position":1,"name":"Portada","item":"https:\/\/www.grupoferrocarril.com\/blog\/"},{"@type":"ListItem","position":2,"name":"La vivienda protegida, protagonista de la \u00faltima edici\u00f3n del SIMA"}]},{"@type":"WebSite","@id":"https:\/\/www.grupoferrocarril.com\/blog\/#website","url":"https:\/\/www.grupoferrocarril.com\/blog\/","name":"Grupo Inmobiliario Ferrocarril | Blog","description":"Venta de pisos y casas de obra nueva","potentialAction":[{"@type":"SearchAction","target":{"@type":"EntryPoint","urlTemplate":"https:\/\/www.grupoferrocarril.com\/blog\/?s={search_term_string}"},"query-input":{"@type":"PropertyValueSpecification","valueRequired":true,"valueName":"search_term_string"}}],"inLanguage":"es"},{"@type":"Person","@id":"https:\/\/www.grupoferrocarril.com\/blog\/#\/schema\/person\/9c02fc15bd75bbe9322fea01d5b93497","name":"Grupo Ferrocarril","image":{"@type":"ImageObject","inLanguage":"es","@id":"https:\/\/www.grupoferrocarril.com\/blog\/wp-content\/uploads\/2019\/05\/avatar-150x150.jpg","url":"https:\/\/www.grupoferrocarril.com\/blog\/wp-content\/uploads\/2019\/05\/avatar-150x150.jpg","contentUrl":"https:\/\/www.grupoferrocarril.com\/blog\/wp-content\/uploads\/2019\/05\/avatar-150x150.jpg","caption":"Grupo Ferrocarril"},"url":"https:\/\/www.grupoferrocarril.com\/blog\/author\/ferrocarril\/"}]}},"_links":{"self":[{"href":"https:\/\/www.grupoferrocarril.com\/blog\/wp-json\/wp\/v2\/posts\/157","targetHints":{"allow":["GET"]}}],"collection":[{"href":"https:\/\/www.grupoferrocarril.com\/blog\/wp-json\/wp\/v2\/posts"}],"about":[{"href":"https:\/\/www.grupoferrocarril.com\/blog\/wp-json\/wp\/v2\/types\/post"}],"author":[{"embeddable":true,"href":"https:\/\/www.grupoferrocarril.com\/blog\/wp-json\/wp\/v2\/users\/4"}],"replies":[{"embeddable":true,"href":"https:\/\/www.grupoferrocarril.com\/blog\/wp-json\/wp\/v2\/comments?post=157"}],"version-history":[{"count":0,"href":"https:\/\/www.grupoferrocarril.com\/blog\/wp-json\/wp\/v2\/posts\/157\/revisions"}],"wp:attachment":[{"href":"https:\/\/www.grupoferrocarril.com\/blog\/wp-json\/wp\/v2\/media?parent=157"}],"wp:term":[{"taxonomy":"category","embeddable":true,"href":"https:\/\/www.grupoferrocarril.com\/blog\/wp-json\/wp\/v2\/categories?post=157"},{"taxonomy":"post_tag","embeddable":true,"href":"https:\/\/www.grupoferrocarril.com\/blog\/wp-json\/wp\/v2\/tags?post=157"}],"curies":[{"name":"wp","href":"https:\/\/api.w.org\/{rel}","templated":true}]}}