{"id":1235,"date":"2011-11-28T10:43:04","date_gmt":"2011-11-28T08:43:04","guid":{"rendered":"http:\/\/www.inmoferrocarril.com\/blog\/?p=1235"},"modified":"2011-11-28T10:43:04","modified_gmt":"2011-11-28T08:43:04","slug":"comunicado-importante-puerta-de-rivas-i-y-puerta-de-rivas-ii","status":"publish","type":"post","link":"https:\/\/www.grupoferrocarril.com\/blog\/comunicado-importante-puerta-de-rivas-i-y-puerta-de-rivas-ii\/","title":{"rendered":"Comunicado importante: Puerta de Rivas I y Puerta de Rivas II"},"content":{"rendered":"<p>En referencia a la terminaci\u00f3n del empanelado de fachada en la obras de Puerta de Rivas I y II, les comunicamos que se est\u00e1n efectuando muestras de acabado de esta estructura en la obra, que una vez aprobadas definitivamente por la D.F. y con la terminaci\u00f3n y acabados definitivos, les haremos llegar una imagen colocada en la fachada de la promoci\u00f3n para que comprueben su acabado junto con una explicaci\u00f3n de sus caracter\u00edsticas t\u00e9cnicas.\u00a0<!--more--><br \/>\nA este respecto y con el fin de informarles debidamente de la selecci\u00f3n de este material como complemento de la fachada, les diremos que este material est\u00e1 compuesto de un empanelado de cerrajer\u00eda, realizada en taller con chapa y tubos galvanizados garantizando su durabilidad, \u00a0esta soluci\u00f3n est\u00e1 debidamente estudiada con el fin de hacerla un complemento totalmente eficaz y de calidad, En cuanto al resultado que esta soluci\u00f3n pueda dar t\u00e9rmicamente, pueden estar tranquilos que podr\u00e1n comprobar que al estar ventilada con respecto a la fachada no va transmitir temperatura alguna a la vivienda. La solidez del empanelado es tal, que no se producir\u00e1 ruido alguno por movimiento del mismo.<br \/>\nLa calidad de la fachada ya se encontraba incluida en la elaboraci\u00f3n del proyecto de ejecuci\u00f3n de las viviendas, por las cuales se consigui\u00f3 la correspondiente licencia de obras y por la cual la constructora Avintia efectu\u00f3 su correspondiente presupuesto. \u00a0Los acabados tanto interiores como exteriores de estas promociones han sido debidamente contrastado por los t\u00e9cnicos intervinientes y cumplen perfectamente tantos las condiciones contractuales como las de la Normativas Vigentes.<br \/>\nLa terminaci\u00f3n definitiva de esta fachada cumplir\u00e1 las calidades exigidas tanto de durabilidad, aislamiento, \u00a0e impermeabilidad lo que supondr\u00e1 un resultado moderno y eficaz en la alta calidad en conjunto de estas dos promociones.<br \/>\n&nbsp;<\/p>\n","protected":false},"excerpt":{"rendered":"<p>En referencia a la terminaci\u00f3n del empanelado de fachada en [&hellip;]<\/p>\n","protected":false},"author":4,"featured_media":0,"comment_status":"closed","ping_status":"closed","sticky":false,"template":"","format":"standard","meta":{"ngg_post_thumbnail":0,"footnotes":""},"categories":[3],"tags":[],"class_list":["post-1235","post","type-post","status-publish","format-standard","hentry","category-uncategorized"],"yoast_head":"<!-- This site is optimized with the Yoast SEO plugin v27.5 - https:\/\/yoast.com\/product\/yoast-seo-wordpress\/ -->\r\n<title>Comunicado importante: Puerta de Rivas I y Puerta de Rivas II - Grupo Inmobiliario Ferrocarril | Blog<\/title>\r\n<meta name=\"robots\" content=\"index, follow, max-snippet:-1, max-image-preview:large, max-video-preview:-1\" \/>\r\n<link rel=\"canonical\" href=\"https:\/\/www.grupoferrocarril.com\/blog\/comunicado-importante-puerta-de-rivas-i-y-puerta-de-rivas-ii\/\" \/>\r\n<meta property=\"og:locale\" content=\"es_ES\" \/>\r\n<meta property=\"og:type\" content=\"article\" \/>\r\n<meta property=\"og:title\" content=\"Comunicado importante: Puerta de Rivas I y Puerta de Rivas II - Grupo Inmobiliario Ferrocarril | Blog\" \/>\r\n<meta property=\"og:description\" content=\"En referencia a la terminaci\u00f3n del empanelado de fachada en [&hellip;]\" \/>\r\n<meta property=\"og:url\" content=\"https:\/\/www.grupoferrocarril.com\/blog\/comunicado-importante-puerta-de-rivas-i-y-puerta-de-rivas-ii\/\" \/>\r\n<meta property=\"og:site_name\" content=\"Grupo Inmobiliario Ferrocarril | Blog\" \/>\r\n<meta property=\"article:published_time\" content=\"2011-11-28T08:43:04+00:00\" \/>\r\n<meta name=\"author\" content=\"Grupo Ferrocarril\" \/>\r\n<meta name=\"twitter:card\" content=\"summary_large_image\" \/>\r\n<meta name=\"twitter:label1\" content=\"Escrito por\" \/>\n\t<meta name=\"twitter:data1\" content=\"Grupo Ferrocarril\" \/>\n\t<meta name=\"twitter:label2\" content=\"Tiempo de lectura\" \/>\n\t<meta name=\"twitter:data2\" content=\"2 minutos\" \/>\r\n<script type=\"application\/ld+json\" class=\"yoast-schema-graph\">{\"@context\":\"https:\\\/\\\/schema.org\",\"@graph\":[{\"@type\":\"Article\",\"@id\":\"https:\\\/\\\/www.grupoferrocarril.com\\\/blog\\\/comunicado-importante-puerta-de-rivas-i-y-puerta-de-rivas-ii\\\/#article\",\"isPartOf\":{\"@id\":\"https:\\\/\\\/www.grupoferrocarril.com\\\/blog\\\/comunicado-importante-puerta-de-rivas-i-y-puerta-de-rivas-ii\\\/\"},\"author\":{\"name\":\"Grupo Ferrocarril\",\"@id\":\"https:\\\/\\\/www.grupoferrocarril.com\\\/blog\\\/#\\\/schema\\\/person\\\/9c02fc15bd75bbe9322fea01d5b93497\"},\"headline\":\"Comunicado importante: Puerta de Rivas I y Puerta de Rivas II\",\"datePublished\":\"2011-11-28T08:43:04+00:00\",\"mainEntityOfPage\":{\"@id\":\"https:\\\/\\\/www.grupoferrocarril.com\\\/blog\\\/comunicado-importante-puerta-de-rivas-i-y-puerta-de-rivas-ii\\\/\"},\"wordCount\":318,\"articleSection\":[\"General\"],\"inLanguage\":\"es\"},{\"@type\":\"WebPage\",\"@id\":\"https:\\\/\\\/www.grupoferrocarril.com\\\/blog\\\/comunicado-importante-puerta-de-rivas-i-y-puerta-de-rivas-ii\\\/\",\"url\":\"https:\\\/\\\/www.grupoferrocarril.com\\\/blog\\\/comunicado-importante-puerta-de-rivas-i-y-puerta-de-rivas-ii\\\/\",\"name\":\"Comunicado importante: Puerta de Rivas I y Puerta de Rivas II - Grupo Inmobiliario Ferrocarril | Blog\",\"isPartOf\":{\"@id\":\"https:\\\/\\\/www.grupoferrocarril.com\\\/blog\\\/#website\"},\"datePublished\":\"2011-11-28T08:43:04+00:00\",\"author\":{\"@id\":\"https:\\\/\\\/www.grupoferrocarril.com\\\/blog\\\/#\\\/schema\\\/person\\\/9c02fc15bd75bbe9322fea01d5b93497\"},\"breadcrumb\":{\"@id\":\"https:\\\/\\\/www.grupoferrocarril.com\\\/blog\\\/comunicado-importante-puerta-de-rivas-i-y-puerta-de-rivas-ii\\\/#breadcrumb\"},\"inLanguage\":\"es\",\"potentialAction\":[{\"@type\":\"ReadAction\",\"target\":[\"https:\\\/\\\/www.grupoferrocarril.com\\\/blog\\\/comunicado-importante-puerta-de-rivas-i-y-puerta-de-rivas-ii\\\/\"]}]},{\"@type\":\"BreadcrumbList\",\"@id\":\"https:\\\/\\\/www.grupoferrocarril.com\\\/blog\\\/comunicado-importante-puerta-de-rivas-i-y-puerta-de-rivas-ii\\\/#breadcrumb\",\"itemListElement\":[{\"@type\":\"ListItem\",\"position\":1,\"name\":\"Portada\",\"item\":\"https:\\\/\\\/www.grupoferrocarril.com\\\/blog\\\/\"},{\"@type\":\"ListItem\",\"position\":2,\"name\":\"Comunicado importante: Puerta de Rivas I y Puerta de Rivas II\"}]},{\"@type\":\"WebSite\",\"@id\":\"https:\\\/\\\/www.grupoferrocarril.com\\\/blog\\\/#website\",\"url\":\"https:\\\/\\\/www.grupoferrocarril.com\\\/blog\\\/\",\"name\":\"Grupo Inmobiliario Ferrocarril | Blog\",\"description\":\"Venta de pisos y casas de obra nueva\",\"potentialAction\":[{\"@type\":\"SearchAction\",\"target\":{\"@type\":\"EntryPoint\",\"urlTemplate\":\"https:\\\/\\\/www.grupoferrocarril.com\\\/blog\\\/?s={search_term_string}\"},\"query-input\":{\"@type\":\"PropertyValueSpecification\",\"valueRequired\":true,\"valueName\":\"search_term_string\"}}],\"inLanguage\":\"es\"},{\"@type\":\"Person\",\"@id\":\"https:\\\/\\\/www.grupoferrocarril.com\\\/blog\\\/#\\\/schema\\\/person\\\/9c02fc15bd75bbe9322fea01d5b93497\",\"name\":\"Grupo Ferrocarril\",\"image\":{\"@type\":\"ImageObject\",\"inLanguage\":\"es\",\"@id\":\"https:\\\/\\\/www.grupoferrocarril.com\\\/blog\\\/wp-content\\\/uploads\\\/2019\\\/05\\\/avatar-150x150.jpg\",\"url\":\"https:\\\/\\\/www.grupoferrocarril.com\\\/blog\\\/wp-content\\\/uploads\\\/2019\\\/05\\\/avatar-150x150.jpg\",\"contentUrl\":\"https:\\\/\\\/www.grupoferrocarril.com\\\/blog\\\/wp-content\\\/uploads\\\/2019\\\/05\\\/avatar-150x150.jpg\",\"caption\":\"Grupo Ferrocarril\"},\"url\":\"https:\\\/\\\/www.grupoferrocarril.com\\\/blog\\\/author\\\/ferrocarril\\\/\"}]}<\/script>\r\n<!-- \/ Yoast SEO plugin. -->","yoast_head_json":{"title":"Comunicado importante: Puerta de Rivas I y Puerta de Rivas II - Grupo Inmobiliario Ferrocarril | Blog","robots":{"index":"index","follow":"follow","max-snippet":"max-snippet:-1","max-image-preview":"max-image-preview:large","max-video-preview":"max-video-preview:-1"},"canonical":"https:\/\/www.grupoferrocarril.com\/blog\/comunicado-importante-puerta-de-rivas-i-y-puerta-de-rivas-ii\/","og_locale":"es_ES","og_type":"article","og_title":"Comunicado importante: Puerta de Rivas I y Puerta de Rivas II - Grupo Inmobiliario Ferrocarril | Blog","og_description":"En referencia a la terminaci\u00f3n del empanelado de fachada en [&hellip;]","og_url":"https:\/\/www.grupoferrocarril.com\/blog\/comunicado-importante-puerta-de-rivas-i-y-puerta-de-rivas-ii\/","og_site_name":"Grupo Inmobiliario Ferrocarril | Blog","article_published_time":"2011-11-28T08:43:04+00:00","author":"Grupo Ferrocarril","twitter_card":"summary_large_image","twitter_misc":{"Escrito por":"Grupo Ferrocarril","Tiempo de lectura":"2 minutos"},"schema":{"@context":"https:\/\/schema.org","@graph":[{"@type":"Article","@id":"https:\/\/www.grupoferrocarril.com\/blog\/comunicado-importante-puerta-de-rivas-i-y-puerta-de-rivas-ii\/#article","isPartOf":{"@id":"https:\/\/www.grupoferrocarril.com\/blog\/comunicado-importante-puerta-de-rivas-i-y-puerta-de-rivas-ii\/"},"author":{"name":"Grupo Ferrocarril","@id":"https:\/\/www.grupoferrocarril.com\/blog\/#\/schema\/person\/9c02fc15bd75bbe9322fea01d5b93497"},"headline":"Comunicado importante: Puerta de Rivas I y Puerta de Rivas II","datePublished":"2011-11-28T08:43:04+00:00","mainEntityOfPage":{"@id":"https:\/\/www.grupoferrocarril.com\/blog\/comunicado-importante-puerta-de-rivas-i-y-puerta-de-rivas-ii\/"},"wordCount":318,"articleSection":["General"],"inLanguage":"es"},{"@type":"WebPage","@id":"https:\/\/www.grupoferrocarril.com\/blog\/comunicado-importante-puerta-de-rivas-i-y-puerta-de-rivas-ii\/","url":"https:\/\/www.grupoferrocarril.com\/blog\/comunicado-importante-puerta-de-rivas-i-y-puerta-de-rivas-ii\/","name":"Comunicado importante: Puerta de Rivas I y Puerta de Rivas II - Grupo Inmobiliario Ferrocarril | Blog","isPartOf":{"@id":"https:\/\/www.grupoferrocarril.com\/blog\/#website"},"datePublished":"2011-11-28T08:43:04+00:00","author":{"@id":"https:\/\/www.grupoferrocarril.com\/blog\/#\/schema\/person\/9c02fc15bd75bbe9322fea01d5b93497"},"breadcrumb":{"@id":"https:\/\/www.grupoferrocarril.com\/blog\/comunicado-importante-puerta-de-rivas-i-y-puerta-de-rivas-ii\/#breadcrumb"},"inLanguage":"es","potentialAction":[{"@type":"ReadAction","target":["https:\/\/www.grupoferrocarril.com\/blog\/comunicado-importante-puerta-de-rivas-i-y-puerta-de-rivas-ii\/"]}]},{"@type":"BreadcrumbList","@id":"https:\/\/www.grupoferrocarril.com\/blog\/comunicado-importante-puerta-de-rivas-i-y-puerta-de-rivas-ii\/#breadcrumb","itemListElement":[{"@type":"ListItem","position":1,"name":"Portada","item":"https:\/\/www.grupoferrocarril.com\/blog\/"},{"@type":"ListItem","position":2,"name":"Comunicado importante: Puerta de Rivas I y Puerta de Rivas II"}]},{"@type":"WebSite","@id":"https:\/\/www.grupoferrocarril.com\/blog\/#website","url":"https:\/\/www.grupoferrocarril.com\/blog\/","name":"Grupo Inmobiliario Ferrocarril | Blog","description":"Venta de pisos y casas de obra nueva","potentialAction":[{"@type":"SearchAction","target":{"@type":"EntryPoint","urlTemplate":"https:\/\/www.grupoferrocarril.com\/blog\/?s={search_term_string}"},"query-input":{"@type":"PropertyValueSpecification","valueRequired":true,"valueName":"search_term_string"}}],"inLanguage":"es"},{"@type":"Person","@id":"https:\/\/www.grupoferrocarril.com\/blog\/#\/schema\/person\/9c02fc15bd75bbe9322fea01d5b93497","name":"Grupo Ferrocarril","image":{"@type":"ImageObject","inLanguage":"es","@id":"https:\/\/www.grupoferrocarril.com\/blog\/wp-content\/uploads\/2019\/05\/avatar-150x150.jpg","url":"https:\/\/www.grupoferrocarril.com\/blog\/wp-content\/uploads\/2019\/05\/avatar-150x150.jpg","contentUrl":"https:\/\/www.grupoferrocarril.com\/blog\/wp-content\/uploads\/2019\/05\/avatar-150x150.jpg","caption":"Grupo Ferrocarril"},"url":"https:\/\/www.grupoferrocarril.com\/blog\/author\/ferrocarril\/"}]}},"_links":{"self":[{"href":"https:\/\/www.grupoferrocarril.com\/blog\/wp-json\/wp\/v2\/posts\/1235","targetHints":{"allow":["GET"]}}],"collection":[{"href":"https:\/\/www.grupoferrocarril.com\/blog\/wp-json\/wp\/v2\/posts"}],"about":[{"href":"https:\/\/www.grupoferrocarril.com\/blog\/wp-json\/wp\/v2\/types\/post"}],"author":[{"embeddable":true,"href":"https:\/\/www.grupoferrocarril.com\/blog\/wp-json\/wp\/v2\/users\/4"}],"replies":[{"embeddable":true,"href":"https:\/\/www.grupoferrocarril.com\/blog\/wp-json\/wp\/v2\/comments?post=1235"}],"version-history":[{"count":0,"href":"https:\/\/www.grupoferrocarril.com\/blog\/wp-json\/wp\/v2\/posts\/1235\/revisions"}],"wp:attachment":[{"href":"https:\/\/www.grupoferrocarril.com\/blog\/wp-json\/wp\/v2\/media?parent=1235"}],"wp:term":[{"taxonomy":"category","embeddable":true,"href":"https:\/\/www.grupoferrocarril.com\/blog\/wp-json\/wp\/v2\/categories?post=1235"},{"taxonomy":"post_tag","embeddable":true,"href":"https:\/\/www.grupoferrocarril.com\/blog\/wp-json\/wp\/v2\/tags?post=1235"}],"curies":[{"name":"wp","href":"https:\/\/api.w.org\/{rel}","templated":true}]}}